{"id":12514,"date":"2025-11-06T09:38:28","date_gmt":"2025-11-06T08:38:28","guid":{"rendered":"https:\/\/www.mouthiers-sur-boeme.fr\/?p=12514"},"modified":"2025-11-06T09:41:05","modified_gmt":"2025-11-06T08:41:05","slug":"reouverture-du-guichet-ma-prime-renov","status":"publish","type":"post","link":"https:\/\/www.mouthiers-sur-boeme.fr\/?p=12514","title":{"rendered":"R\u00e9ouverture du guichet Ma Prime R\u00e9nov&rsquo; !"},"content":{"rendered":"\n<p>Le 30 septembre 2025, le guichet Ma PrimeRenov&rsquo; a de nouveau \u00e9t\u00e9 ouvert, redonnant un \u00e9lan majeur aux projets de r\u00e9novation \u00e9nerg\u00e9tique. Ce dispositif, essentiel pour la transition \u00e9cologique, a permis de financer une large gamme de travaux, tels que l\u2019isolation, le remplacement de syst\u00e8mes de chauffage \u00e9nergivores ou l\u2019installation de solutions utilisant les \u00e9nergies renouvelables, avec des subventions couvrant de 30 % \u00e0 90 % des co\u00fbts, et des plafonds d\u00e9passant les 20 000 \u20ac pour une r\u00e9novation compl\u00e8te. La proc\u00e9dure, exclusivement en ligne, a \u00e9t\u00e9 simplifi\u00e9e, et des artisans certifi\u00e9s RGE ont accompagn\u00e9 les particuliers dans chaque \u00e9tape du processus.<\/p>\n\n\n\n<p>Des acteurs sp\u00e9cialis\u00e9s comme France R\u00e9nov\u2019, les Espaces Info \u00c9nergie, l\u2019ADIL, ou encore Lokey, une entreprise fran\u00e7aise de r\u00e9f\u00e9rence dans l\u2019accompagnement \u00e0 la r\u00e9novation \u00e9nerg\u00e9tique lors de projet immobilier cl\u00e9 en main, Lokey propose aux particuliers un accompagnement personnalis\u00e9 pour am\u00e9liorer la performance \u00e9nerg\u00e9tique de leur logement, identifier les aides financi\u00e8res disponibles et s\u00e9lectionner des artisans certifi\u00e9s RGE. Gr\u00e2ce \u00e0 son expertise et \u00e0 ses outils digitaux, il contribue \u00e0 rendre les projets de r\u00e9novation plus accessibles, plus durables et plus efficaces, en lien direct avec les objectifs du dispositif MaPrimeR\u00e9nov\u2019 et la lutte contre les passoires thermiques.Suite \u00e0 la nouvelle l\u00e9gislation, il est d\u00e9sormais important de noter que certains logements, ayant une mauvaise note \u00e9nerg\u00e9tique (F ou G sur le diagnostic de performance \u00e9nerg\u00e9tique &#8211; DPE), ne pourront plus \u00eatre mis en location. Les logements class\u00e9s \u00ab\u00a0G\u00a0\u00bb seront concern\u00e9s \u00e0 partir de cette ann\u00e9e, tandis que ceux class\u00e9s \u00ab\u00a0F\u00a0\u00bb le seront \u00e0 partir de 2028. Ces logements, consid\u00e9r\u00e9s comme des \u00ab passoires thermiques \u00bb, risquent d\u2019\u00eatre confront\u00e9s \u00e0 des sanctions et \u00e0 une baisse de leur attractivit\u00e9 sur le march\u00e9 locatif. MaPrimeR\u00e9nov\u2019 offre donc une opportunit\u00e9 unique de r\u00e9nover ces logements pour \u00e9viter cette situation, tout en r\u00e9duisant les factures \u00e9nerg\u00e9tiques et en am\u00e9liorant le confort thermique.<\/p>\n\n\n\n<p>Pour obtenir cette aide, les candidats doivent soumettre leur demande directement sur la plateforme officielle de l&rsquo;\u00c9tat en renseignant des informations sur leur logement, les travaux envisag\u00e9s et leur situation financi\u00e8re. Cette r\u00e9ouverture vise \u00e0 r\u00e9pondre \u00e0 trois enjeux majeurs : r\u00e9duire la consommation d\u2019\u00e9nergie, pr\u00e9server le pouvoir d\u2019achat des m\u00e9nages et stimuler l\u2019activit\u00e9 du secteur du b\u00e2timent. Ce dispositif, largement pl\u00e9biscit\u00e9 par les propri\u00e9taires, est rest\u00e9 une priorit\u00e9 nationale, offrant une v\u00e9ritable opportunit\u00e9 pour am\u00e9liorer l\u2019efficacit\u00e9 \u00e9nerg\u00e9tique des logements et soutenir la transition \u00e9nerg\u00e9tique tout en pr\u00e9servant le patrimoine immobilier.<\/p>\n\n\n\n<figure class=\"wp-block-image size-large is-resized\"><a href=\"https:\/\/www.mouthiers-sur-boeme.fr\/wp-content\/uploads\/2025\/11\/Capture-de\u0301cran-2025-10-14-a\u0300-13.34.27.png\"><img loading=\"lazy\" src=\"https:\/\/www.mouthiers-sur-boeme.fr\/wp-content\/uploads\/2025\/11\/Capture-de\u0301cran-2025-10-14-a\u0300-13.34.27-1024x365.png\" alt=\"\" class=\"wp-image-12519\" width=\"241\" height=\"86\" srcset=\"https:\/\/www.mouthiers-sur-boeme.fr\/wp-content\/uploads\/2025\/11\/Capture-de\u0301cran-2025-10-14-a\u0300-13.34.27-1024x365.png 1024w, https:\/\/www.mouthiers-sur-boeme.fr\/wp-content\/uploads\/2025\/11\/Capture-de\u0301cran-2025-10-14-a\u0300-13.34.27-300x107.png 300w, https:\/\/www.mouthiers-sur-boeme.fr\/wp-content\/uploads\/2025\/11\/Capture-de\u0301cran-2025-10-14-a\u0300-13.34.27-768x274.png 768w, https:\/\/www.mouthiers-sur-boeme.fr\/wp-content\/uploads\/2025\/11\/Capture-de\u0301cran-2025-10-14-a\u0300-13.34.27-1536x547.png 1536w, https:\/\/www.mouthiers-sur-boeme.fr\/wp-content\/uploads\/2025\/11\/Capture-de\u0301cran-2025-10-14-a\u0300-13.34.27.png 1594w\" sizes=\"(max-width: 241px) 100vw, 241px\" \/><\/a><\/figure>\n","protected":false},"excerpt":{"rendered":"<p>Le 30 septembre 2025, le guichet Ma PrimeRenov&rsquo; a de nouveau \u00e9t\u00e9 ouvert, redonnant un \u00e9lan majeur aux projets de r\u00e9novation \u00e9nerg\u00e9tique. Ce dispositif, essentiel pour la transition \u00e9cologique, a permis de financer une large gamme de travaux, tels que l\u2019isolation, le remplacement de syst\u00e8mes de chauffage \u00e9nergivores ou l\u2019installation de solutions utilisant les \u00e9nergies &hellip; <a href=\"https:\/\/www.mouthiers-sur-boeme.fr\/?p=12514\" class=\"more-link\">Continuer la lecture de <span class=\"screen-reader-text\">R\u00e9ouverture du guichet Ma Prime R\u00e9nov&rsquo; !<\/span>  <span class=\"meta-nav\">&rarr;<\/span><\/a><\/p>\n","protected":false},"author":22,"featured_media":12516,"comment_status":"open","ping_status":"open","sticky":false,"template":"","format":"standard","meta":[],"categories":[104],"tags":[],"_links":{"self":[{"href":"https:\/\/www.mouthiers-sur-boeme.fr\/index.php?rest_route=\/wp\/v2\/posts\/12514"}],"collection":[{"href":"https:\/\/www.mouthiers-sur-boeme.fr\/index.php?rest_route=\/wp\/v2\/posts"}],"about":[{"href":"https:\/\/www.mouthiers-sur-boeme.fr\/index.php?rest_route=\/wp\/v2\/types\/post"}],"author":[{"embeddable":true,"href":"https:\/\/www.mouthiers-sur-boeme.fr\/index.php?rest_route=\/wp\/v2\/users\/22"}],"replies":[{"embeddable":true,"href":"https:\/\/www.mouthiers-sur-boeme.fr\/index.php?rest_route=%2Fwp%2Fv2%2Fcomments&post=12514"}],"version-history":[{"count":3,"href":"https:\/\/www.mouthiers-sur-boeme.fr\/index.php?rest_route=\/wp\/v2\/posts\/12514\/revisions"}],"predecessor-version":[{"id":12518,"href":"https:\/\/www.mouthiers-sur-boeme.fr\/index.php?rest_route=\/wp\/v2\/posts\/12514\/revisions\/12518"}],"wp:featuredmedia":[{"embeddable":true,"href":"https:\/\/www.mouthiers-sur-boeme.fr\/index.php?rest_route=\/wp\/v2\/media\/12516"}],"wp:attachment":[{"href":"https:\/\/www.mouthiers-sur-boeme.fr\/index.php?rest_route=%2Fwp%2Fv2%2Fmedia&parent=12514"}],"wp:term":[{"taxonomy":"category","embeddable":true,"href":"https:\/\/www.mouthiers-sur-boeme.fr\/index.php?rest_route=%2Fwp%2Fv2%2Fcategories&post=12514"},{"taxonomy":"post_tag","embeddable":true,"href":"https:\/\/www.mouthiers-sur-boeme.fr\/index.php?rest_route=%2Fwp%2Fv2%2Ftags&post=12514"}],"curies":[{"name":"wp","href":"https:\/\/api.w.org\/{rel}","templated":true}]}}