{"id":12664,"date":"2025-12-17T18:08:35","date_gmt":"2025-12-17T17:08:35","guid":{"rendered":"https:\/\/www.mouthiers-sur-boeme.fr\/?p=12664"},"modified":"2025-12-26T08:38:56","modified_gmt":"2025-12-26T07:38:56","slug":"pendant-les-vacances-de-noel","status":"publish","type":"post","link":"https:\/\/www.mouthiers-sur-boeme.fr\/?p=12664","title":{"rendered":"PENDANT LES VACANCES DE NO\u00cbL"},"content":{"rendered":"\n<p><strong>Les bureaux de la mairie fermeront exceptionnellement \u00e0 17 heures, mercredi 24  et mercredi 31 d\u00e9cembre.<\/strong><\/p>\n\n\n\n<p class=\"has-text-align-center\">LA MAIRIE SERA<br>EXCEPTIONNELLEMENT FERM\u00c9E LE :<br>VENDREDI 2 JANVIER 2026<br>En cas d\u2019urgence, merci de bien vouloir<br>envoyer un mail \u00e0 l\u2019adresse suivante :<br>mairie@mouthiers-sur-boeme.fr<\/p>\n\n\n\n<p class=\"has-text-align-center has-text-color has-medium-font-size\" style=\"color:#fa1e12\"><strong>BONNES F\u00caTES \u00c0 TOUS<\/strong><\/p>\n\n\n\n<figure class=\"wp-block-image size-large\"><a href=\"https:\/\/www.mouthiers-sur-boeme.fr\/wp-content\/uploads\/2025\/12\/cropped-Banniere-voeux-2026-ROGNEE-v3.png\"><img loading=\"lazy\" width=\"1024\" height=\"196\" src=\"https:\/\/www.mouthiers-sur-boeme.fr\/wp-content\/uploads\/2025\/12\/cropped-Banniere-voeux-2026-ROGNEE-v3-1024x196.png\" alt=\"\" class=\"wp-image-12645\" srcset=\"https:\/\/www.mouthiers-sur-boeme.fr\/wp-content\/uploads\/2025\/12\/cropped-Banniere-voeux-2026-ROGNEE-v3-1024x196.png 1024w, https:\/\/www.mouthiers-sur-boeme.fr\/wp-content\/uploads\/2025\/12\/cropped-Banniere-voeux-2026-ROGNEE-v3-300x57.png 300w, https:\/\/www.mouthiers-sur-boeme.fr\/wp-content\/uploads\/2025\/12\/cropped-Banniere-voeux-2026-ROGNEE-v3-768x147.png 768w, https:\/\/www.mouthiers-sur-boeme.fr\/wp-content\/uploads\/2025\/12\/cropped-Banniere-voeux-2026-ROGNEE-v3.png 1260w\" sizes=\"(max-width: 1024px) 100vw, 1024px\" \/><\/a><\/figure>\n","protected":false},"excerpt":{"rendered":"<p>Les bureaux de la mairie fermeront exceptionnellement \u00e0 17 heures, mercredi 24 et mercredi 31 d\u00e9cembre. LA MAIRIE SERAEXCEPTIONNELLEMENT FERM\u00c9E LE :VENDREDI 2 JANVIER 2026En cas d\u2019urgence, merci de bien vouloirenvoyer un mail \u00e0 l\u2019adresse suivante :mairie@mouthiers-sur-boeme.fr BONNES F\u00caTES \u00c0 TOUS<\/p>\n","protected":false},"author":22,"featured_media":0,"comment_status":"open","ping_status":"open","sticky":false,"template":"","format":"standard","meta":[],"categories":[13],"tags":[],"_links":{"self":[{"href":"https:\/\/www.mouthiers-sur-boeme.fr\/index.php?rest_route=\/wp\/v2\/posts\/12664"}],"collection":[{"href":"https:\/\/www.mouthiers-sur-boeme.fr\/index.php?rest_route=\/wp\/v2\/posts"}],"about":[{"href":"https:\/\/www.mouthiers-sur-boeme.fr\/index.php?rest_route=\/wp\/v2\/types\/post"}],"author":[{"embeddable":true,"href":"https:\/\/www.mouthiers-sur-boeme.fr\/index.php?rest_route=\/wp\/v2\/users\/22"}],"replies":[{"embeddable":true,"href":"https:\/\/www.mouthiers-sur-boeme.fr\/index.php?rest_route=%2Fwp%2Fv2%2Fcomments&post=12664"}],"version-history":[{"count":7,"href":"https:\/\/www.mouthiers-sur-boeme.fr\/index.php?rest_route=\/wp\/v2\/posts\/12664\/revisions"}],"predecessor-version":[{"id":12696,"href":"https:\/\/www.mouthiers-sur-boeme.fr\/index.php?rest_route=\/wp\/v2\/posts\/12664\/revisions\/12696"}],"wp:attachment":[{"href":"https:\/\/www.mouthiers-sur-boeme.fr\/index.php?rest_route=%2Fwp%2Fv2%2Fmedia&parent=12664"}],"wp:term":[{"taxonomy":"category","embeddable":true,"href":"https:\/\/www.mouthiers-sur-boeme.fr\/index.php?rest_route=%2Fwp%2Fv2%2Fcategories&post=12664"},{"taxonomy":"post_tag","embeddable":true,"href":"https:\/\/www.mouthiers-sur-boeme.fr\/index.php?rest_route=%2Fwp%2Fv2%2Ftags&post=12664"}],"curies":[{"name":"wp","href":"https:\/\/api.w.org\/{rel}","templated":true}]}}