{"id":12742,"date":"2026-01-10T09:57:36","date_gmt":"2026-01-10T08:57:36","guid":{"rendered":"https:\/\/www.mouthiers-sur-boeme.fr\/?p=12742"},"modified":"2026-01-10T09:57:36","modified_gmt":"2026-01-10T08:57:36","slug":"atelier-creatif-effervescentre","status":"publish","type":"post","link":"https:\/\/www.mouthiers-sur-boeme.fr\/?p=12742","title":{"rendered":"ATELIER CR\u00c9ATIF EFFERVESCENTRE"},"content":{"rendered":"\n<p>Bonjour \u00e0 toutes et tous,<\/p>\n\n\n\n<p>Dans la continuit\u00e9 de la belle dynamique&nbsp;des ateliers Enfants \/ parents&nbsp;tout au long de l\u2019ann\u00e9e 2025, Effervescentre d\u00e9marre 2026 avec une proposition sous le signe de la cr\u00e9ativit\u00e9, de la rencontre et du plaisir d\u2019\u00eatre ensemble &#x1f3a8;&#x1f342;<\/p>\n\n\n\n<p>&#x1f342; <strong>Atelier enfants \/ parents ou grands-parents<\/strong><br><strong><em>\u00ab Participation \u00e0 une \u0153uvre peinte collective \u00bb<\/em><\/strong><\/p>\n\n\n\n<p>&#x1f449; <strong>Mercredi 21 janvier 2026<\/strong><br>&#x23f0; <strong>De 14h \u00e0 16h30<\/strong><br>&#x1f4cd; <strong>\u00c0 Effervescentre<\/strong><\/p>\n\n\n\n<p>Cet atelier interg\u00e9n\u00e9rationnel est ouvert \u00e0 <strong>tous les \u00e2ges<\/strong>, des enfants aux grands-parents.<br>&#x2728; Cr\u00e9ation collective<br>&#x2728; Moments de partage<br>&#x2728; Boissons et go\u00fbter offerts &#x1f369;&#x1f36a;<\/p>\n\n\n\n<p>&#x1f449; Atelier <strong>gratuit<\/strong> (adh\u00e9sion annuelle de 3 \u20ac \u2013 du 1er septembre au 31 ao\u00fbt)<\/p>\n\n\n\n<p>&#x1f449; <strong>Informations et r\u00e9servations<\/strong> :<br>&#x1f4de; <a href=\"callto:05 45 67 84 38\">05 45 67 84 38<\/a><br>&#x2709;&#xfe0f; contact@effervescentre.fr<\/p>\n\n\n\n<figure class=\"wp-block-image size-large\"><a href=\"https:\/\/www.mouthiers-sur-boeme.fr\/wp-content\/uploads\/2026\/01\/atelier-effervescentre21jan26_v1.jpg\"><img loading=\"lazy\" width=\"711\" height=\"1000\" src=\"https:\/\/www.mouthiers-sur-boeme.fr\/wp-content\/uploads\/2026\/01\/atelier-effervescentre21jan26_v1.jpg\" alt=\"\" class=\"wp-image-12743\" srcset=\"https:\/\/www.mouthiers-sur-boeme.fr\/wp-content\/uploads\/2026\/01\/atelier-effervescentre21jan26_v1.jpg 711w, https:\/\/www.mouthiers-sur-boeme.fr\/wp-content\/uploads\/2026\/01\/atelier-effervescentre21jan26_v1-213x300.jpg 213w\" sizes=\"(max-width: 711px) 100vw, 711px\" \/><\/a><\/figure>\n","protected":false},"excerpt":{"rendered":"<p>Bonjour \u00e0 toutes et tous, Dans la continuit\u00e9 de la belle dynamique&nbsp;des ateliers Enfants \/ parents&nbsp;tout au long de l\u2019ann\u00e9e 2025, Effervescentre d\u00e9marre 2026 avec une proposition sous le signe de la cr\u00e9ativit\u00e9, de la rencontre et du plaisir d\u2019\u00eatre ensemble &#x1f3a8;&#x1f342; &#x1f342; Atelier enfants \/ parents ou grands-parents\u00ab Participation \u00e0 une \u0153uvre peinte collective &hellip; <a href=\"https:\/\/www.mouthiers-sur-boeme.fr\/?p=12742\" class=\"more-link\">Continuer la lecture de <span class=\"screen-reader-text\">ATELIER CR\u00c9ATIF EFFERVESCENTRE<\/span>  <span class=\"meta-nav\">&rarr;<\/span><\/a><\/p>\n","protected":false},"author":22,"featured_media":0,"comment_status":"open","ping_status":"open","sticky":false,"template":"","format":"standard","meta":[],"categories":[91],"tags":[],"_links":{"self":[{"href":"https:\/\/www.mouthiers-sur-boeme.fr\/index.php?rest_route=\/wp\/v2\/posts\/12742"}],"collection":[{"href":"https:\/\/www.mouthiers-sur-boeme.fr\/index.php?rest_route=\/wp\/v2\/posts"}],"about":[{"href":"https:\/\/www.mouthiers-sur-boeme.fr\/index.php?rest_route=\/wp\/v2\/types\/post"}],"author":[{"embeddable":true,"href":"https:\/\/www.mouthiers-sur-boeme.fr\/index.php?rest_route=\/wp\/v2\/users\/22"}],"replies":[{"embeddable":true,"href":"https:\/\/www.mouthiers-sur-boeme.fr\/index.php?rest_route=%2Fwp%2Fv2%2Fcomments&post=12742"}],"version-history":[{"count":1,"href":"https:\/\/www.mouthiers-sur-boeme.fr\/index.php?rest_route=\/wp\/v2\/posts\/12742\/revisions"}],"predecessor-version":[{"id":12744,"href":"https:\/\/www.mouthiers-sur-boeme.fr\/index.php?rest_route=\/wp\/v2\/posts\/12742\/revisions\/12744"}],"wp:attachment":[{"href":"https:\/\/www.mouthiers-sur-boeme.fr\/index.php?rest_route=%2Fwp%2Fv2%2Fmedia&parent=12742"}],"wp:term":[{"taxonomy":"category","embeddable":true,"href":"https:\/\/www.mouthiers-sur-boeme.fr\/index.php?rest_route=%2Fwp%2Fv2%2Fcategories&post=12742"},{"taxonomy":"post_tag","embeddable":true,"href":"https:\/\/www.mouthiers-sur-boeme.fr\/index.php?rest_route=%2Fwp%2Fv2%2Ftags&post=12742"}],"curies":[{"name":"wp","href":"https:\/\/api.w.org\/{rel}","templated":true}]}}