{"id":12813,"date":"2026-01-30T11:02:28","date_gmt":"2026-01-30T10:02:28","guid":{"rendered":"https:\/\/www.mouthiers-sur-boeme.fr\/?p=12813"},"modified":"2026-04-04T10:38:24","modified_gmt":"2026-04-04T09:38:24","slug":"reseau-papillon-lecture-les-rendez-vous-de-fevrier-et-mars-2026","status":"publish","type":"post","link":"https:\/\/www.mouthiers-sur-boeme.fr\/?p=12813","title":{"rendered":"r\u00e9seau papillon lecture &#8211; les rendez-vous de f\u00e9vrier et mars 2026"},"content":{"rendered":"\n<div class=\"wp-block-image\"><figure class=\"alignright size-large is-resized\"><a href=\"https:\/\/www.mouthiers-sur-boeme.fr\/wp-content\/uploads\/2026\/02\/JIDDF_page-0002-1024x725-1.jpg\"><img loading=\"lazy\" src=\"https:\/\/www.mouthiers-sur-boeme.fr\/wp-content\/uploads\/2026\/02\/JIDDF_page-0002-1024x725-1.jpg\" alt=\"\" class=\"wp-image-12905\" width=\"168\" height=\"353\" srcset=\"https:\/\/www.mouthiers-sur-boeme.fr\/wp-content\/uploads\/2026\/02\/JIDDF_page-0002-1024x725-1.jpg 317w, https:\/\/www.mouthiers-sur-boeme.fr\/wp-content\/uploads\/2026\/02\/JIDDF_page-0002-1024x725-1-143x300.jpg 143w\" sizes=\"(max-width: 168px) 100vw, 168px\" \/><\/a><\/figure><\/div>\n\n\n\n<p class=\"has-text-color has-medium-font-size\" style=\"color:#f20ac7\"><strong>RENDEZ-VOUS LE 7 MARS<\/strong><\/p>\n\n\n\n<figure class=\"wp-block-image size-large is-resized\"><a href=\"https:\/\/www.mouthiers-sur-boeme.fr\/wp-content\/uploads\/2026\/02\/Affiche-JIDDF_page-0001.jpg\"><img loading=\"lazy\" src=\"https:\/\/www.mouthiers-sur-boeme.fr\/wp-content\/uploads\/2026\/02\/Affiche-JIDDF_page-0001-725x1024.jpg\" alt=\"\" class=\"wp-image-12877\" width=\"269\" height=\"380\" srcset=\"https:\/\/www.mouthiers-sur-boeme.fr\/wp-content\/uploads\/2026\/02\/Affiche-JIDDF_page-0001-725x1024.jpg 725w, https:\/\/www.mouthiers-sur-boeme.fr\/wp-content\/uploads\/2026\/02\/Affiche-JIDDF_page-0001-212x300.jpg 212w, https:\/\/www.mouthiers-sur-boeme.fr\/wp-content\/uploads\/2026\/02\/Affiche-JIDDF_page-0001-768x1085.jpg 768w, https:\/\/www.mouthiers-sur-boeme.fr\/wp-content\/uploads\/2026\/02\/Affiche-JIDDF_page-0001-1087x1536.jpg 1087w, https:\/\/www.mouthiers-sur-boeme.fr\/wp-content\/uploads\/2026\/02\/Affiche-JIDDF_page-0001.jpg 1241w\" sizes=\"(max-width: 269px) 100vw, 269px\" \/><\/a><\/figure>\n\n\n\n<p class=\"has-text-color\" style=\"color:#e8110a\"><strong>En raison de l&rsquo;ouverture le samedi 7 mars (journ\u00e9e de la femme) la m\u00e9diath\u00e8que sera ferm\u00e9e le samedi 14 mars toute la journ\u00e9e.<\/strong><\/p>\n\n\n\n<p class=\"has-medium-font-size\"><strong>Samedi 21 mars :<\/strong><\/p>\n\n\n\n<p>Rendez-vous \u00e0 14h \u00e0 la m\u00e9diath\u00e8que de Mouthiers <\/p>\n\n\n\n<p><em>Dans le cadre du Prix Dans ta Bulle viens rencontrer V\u00e9ro Cazot l\u2019autrice de l\u2019album Mi-Mouche ! Au programme une rencontre suivie d\u2019un atelier pratique de cr\u00e9ation de personnage !<\/em><br><em>Une vente de livres par la Cit\u00e9 de la BD ainsi qu\u2019une s\u00e9ance de d\u00e9dicaces seront propos\u00e9es \u00e0 l\u2019issue de l\u2019atelier !<\/em><\/p>\n\n\n\n<p><em>Atelier \u00e0 partir de 9 ans. Gratuit. Inscriptions au <a href=\"callto:05.45.67.89.47\">05.45.67.89.47<\/a><\/em><\/p>\n\n\n\n<p>TOUT LE PROGRAMME CI-DESSOUS :<\/p>\n\n\n\n<div class=\"wp-block-image\"><figure class=\"alignleft size-large is-resized\"><a href=\"https:\/\/www.mouthiers-sur-boeme.fr\/wp-content\/uploads\/2026\/01\/Programme-Janvier-Fevrier-Mars-2026_page-0001.jpg\" target=\"_blank\" rel=\"noopener\"><img loading=\"lazy\" src=\"https:\/\/www.mouthiers-sur-boeme.fr\/wp-content\/uploads\/2026\/01\/Programme-Janvier-Fevrier-Mars-2026_page-0001-1024x725.jpg\" alt=\"\" class=\"wp-image-12815\" width=\"339\" height=\"240\" srcset=\"https:\/\/www.mouthiers-sur-boeme.fr\/wp-content\/uploads\/2026\/01\/Programme-Janvier-Fevrier-Mars-2026_page-0001-1024x725.jpg 1024w, https:\/\/www.mouthiers-sur-boeme.fr\/wp-content\/uploads\/2026\/01\/Programme-Janvier-Fevrier-Mars-2026_page-0001-300x212.jpg 300w, https:\/\/www.mouthiers-sur-boeme.fr\/wp-content\/uploads\/2026\/01\/Programme-Janvier-Fevrier-Mars-2026_page-0001-768x543.jpg 768w, https:\/\/www.mouthiers-sur-boeme.fr\/wp-content\/uploads\/2026\/01\/Programme-Janvier-Fevrier-Mars-2026_page-0001-1536x1087.jpg 1536w, https:\/\/www.mouthiers-sur-boeme.fr\/wp-content\/uploads\/2026\/01\/Programme-Janvier-Fevrier-Mars-2026_page-0001.jpg 1754w\" sizes=\"(max-width: 339px) 100vw, 339px\" \/><\/a><\/figure><\/div>\n\n\n\n<div class=\"wp-block-image\"><figure class=\"alignright size-large is-resized\"><a href=\"https:\/\/www.mouthiers-sur-boeme.fr\/wp-content\/uploads\/2026\/01\/Programme-Janvier-Fevrier-Mars-2026_page-0002.jpg\" target=\"_blank\" rel=\"noopener\"><img loading=\"lazy\" src=\"https:\/\/www.mouthiers-sur-boeme.fr\/wp-content\/uploads\/2026\/01\/Programme-Janvier-Fevrier-Mars-2026_page-0002-1024x725.jpg\" alt=\"\" class=\"wp-image-12814\" width=\"324\" height=\"229\" srcset=\"https:\/\/www.mouthiers-sur-boeme.fr\/wp-content\/uploads\/2026\/01\/Programme-Janvier-Fevrier-Mars-2026_page-0002-1024x725.jpg 1024w, https:\/\/www.mouthiers-sur-boeme.fr\/wp-content\/uploads\/2026\/01\/Programme-Janvier-Fevrier-Mars-2026_page-0002-300x212.jpg 300w, https:\/\/www.mouthiers-sur-boeme.fr\/wp-content\/uploads\/2026\/01\/Programme-Janvier-Fevrier-Mars-2026_page-0002-768x543.jpg 768w, https:\/\/www.mouthiers-sur-boeme.fr\/wp-content\/uploads\/2026\/01\/Programme-Janvier-Fevrier-Mars-2026_page-0002-1536x1087.jpg 1536w, https:\/\/www.mouthiers-sur-boeme.fr\/wp-content\/uploads\/2026\/01\/Programme-Janvier-Fevrier-Mars-2026_page-0002.jpg 1754w\" sizes=\"(max-width: 324px) 100vw, 324px\" \/><\/a><\/figure><\/div>\n","protected":false},"excerpt":{"rendered":"<p>RENDEZ-VOUS LE 7 MARS En raison de l&rsquo;ouverture le samedi 7 mars (journ\u00e9e de la femme) la m\u00e9diath\u00e8que sera ferm\u00e9e le samedi 14 mars toute la journ\u00e9e. Samedi 21 mars : Rendez-vous \u00e0 14h \u00e0 la m\u00e9diath\u00e8que de Mouthiers Dans le cadre du Prix Dans ta Bulle viens rencontrer V\u00e9ro Cazot l\u2019autrice de l\u2019album Mi-Mouche &hellip; <a href=\"https:\/\/www.mouthiers-sur-boeme.fr\/?p=12813\" class=\"more-link\">Continuer la lecture de <span class=\"screen-reader-text\">r\u00e9seau papillon lecture &#8211; les rendez-vous de f\u00e9vrier et mars 2026<\/span>  <span class=\"meta-nav\">&rarr;<\/span><\/a><\/p>\n","protected":false},"author":22,"featured_media":8017,"comment_status":"closed","ping_status":"open","sticky":false,"template":"","format":"standard","meta":[],"categories":[20],"tags":[],"_links":{"self":[{"href":"https:\/\/www.mouthiers-sur-boeme.fr\/index.php?rest_route=\/wp\/v2\/posts\/12813"}],"collection":[{"href":"https:\/\/www.mouthiers-sur-boeme.fr\/index.php?rest_route=\/wp\/v2\/posts"}],"about":[{"href":"https:\/\/www.mouthiers-sur-boeme.fr\/index.php?rest_route=\/wp\/v2\/types\/post"}],"author":[{"embeddable":true,"href":"https:\/\/www.mouthiers-sur-boeme.fr\/index.php?rest_route=\/wp\/v2\/users\/22"}],"replies":[{"embeddable":true,"href":"https:\/\/www.mouthiers-sur-boeme.fr\/index.php?rest_route=%2Fwp%2Fv2%2Fcomments&post=12813"}],"version-history":[{"count":11,"href":"https:\/\/www.mouthiers-sur-boeme.fr\/index.php?rest_route=\/wp\/v2\/posts\/12813\/revisions"}],"predecessor-version":[{"id":12909,"href":"https:\/\/www.mouthiers-sur-boeme.fr\/index.php?rest_route=\/wp\/v2\/posts\/12813\/revisions\/12909"}],"wp:featuredmedia":[{"embeddable":true,"href":"https:\/\/www.mouthiers-sur-boeme.fr\/index.php?rest_route=\/wp\/v2\/media\/8017"}],"wp:attachment":[{"href":"https:\/\/www.mouthiers-sur-boeme.fr\/index.php?rest_route=%2Fwp%2Fv2%2Fmedia&parent=12813"}],"wp:term":[{"taxonomy":"category","embeddable":true,"href":"https:\/\/www.mouthiers-sur-boeme.fr\/index.php?rest_route=%2Fwp%2Fv2%2Fcategories&post=12813"},{"taxonomy":"post_tag","embeddable":true,"href":"https:\/\/www.mouthiers-sur-boeme.fr\/index.php?rest_route=%2Fwp%2Fv2%2Ftags&post=12813"}],"curies":[{"name":"wp","href":"https:\/\/api.w.org\/{rel}","templated":true}]}}