{"id":1507,"date":"2012-02-06T11:16:35","date_gmt":"2012-02-06T10:16:35","guid":{"rendered":"http:\/\/blogpeda.ac-poitiers.fr\/iufm6\/?p=1507"},"modified":"2015-02-27T01:23:37","modified_gmt":"2015-02-27T00:23:37","slug":"1507","status":"publish","type":"post","link":"https:\/\/www.mouthiers-sur-boeme.fr\/?p=1507","title":{"rendered":"Voyage \u00e0 Petite-Rosselle (P\u00e2ques 2012)"},"content":{"rendered":"<p><img loading=\"lazy\" class=\"aligncenter size-medium wp-image-1508\" src=\"https:\/\/www.mouthiers-sur-boeme.fr\/wp-content\/uploads\/2014\/07\/Logo_CDJ-300x108.jpg\" alt=\"Logo_CDJ\" width=\"300\" height=\"108\" srcset=\"https:\/\/www.mouthiers-sur-boeme.fr\/wp-content\/uploads\/2014\/07\/Logo_CDJ-300x108.jpg 300w, https:\/\/www.mouthiers-sur-boeme.fr\/wp-content\/uploads\/2014\/07\/Logo_CDJ.jpg 600w\" sizes=\"(max-width: 300px) 100vw, 300px\" \/>Pour r\u00e9pondre \u00e0 l\u2019invitation adress\u00e9e par la ville de Petite-Rosselle \u00e0 notre commune, en guise de suite \u00e0 la visite effectu\u00e9e lors de la Toussaint 2010, le Comit\u00e9 de Jumelage de Mouthiers organise, du vendredi 6 avril au lundi 9 avril 2012, un voyage en Lorraine, avec la participation de la commune.<!--more--><\/p>\n<p>Ce d\u00e9placement s\u2019effectuera en autocar (aucun frais de voyage \u00e0 la charge des participants) et l\u2019h\u00e9bergement aura lieu dans les familles du Comit\u00e9 de Jumelage de Petite-Rosselle.<\/p>\n<p>Sur place, durant ce s\u00e9jour, diverses animations sont pr\u00e9vues et, en particulier, la d\u00e9couverte du mus\u00e9e de la mine. Actuellement, 23 places restent encore disponibles dans le bus et sont ouvertes \u00e0 tout Monast\u00e9rien qui souhaiterait s\u2019associer \u00e0 cette occasion de retrouver ou de d\u00e9couvrir la ville jumelle de notre commune.<\/p>\n<p>Une r\u00e9union sera propos\u00e9e fin f\u00e9vrier \u00e0 tous les participants pour mettre au point ensemble les d\u00e9tails du voyage.<\/p>\n<p>Pour tous renseignements et inscriptions, pri\u00e8re de contacter le Pr\u00e9sident du Comit\u00e9 de Jumelage de Mouthiers : G\u00e9rard Discour (05 45 67 81 31 ou 06 88 58 39 34, ou par courriel : cdj.mouthiers@yahoo.fr ).<\/p>\n<p>Les inscriptions seront prises dans l&rsquo;ordre d&rsquo;arriv\u00e9e, et la liste d\u00e9finitive arr\u00eat\u00e9e le jour de l&rsquo;Assembl\u00e9e G\u00e9n\u00e9rale (le 16 f\u00e9vrier \u00e0 20 h 30 \u00e0 la MJC Jules-Berry).<\/p>\n","protected":false},"excerpt":{"rendered":"<p>Pour r\u00e9pondre \u00e0 l\u2019invitation adress\u00e9e par la ville de Petite-Rosselle \u00e0 notre commune, en guise de suite \u00e0 la visite effectu\u00e9e lors de la Toussaint 2010, le Comit\u00e9 de Jumelage de Mouthiers organise, du vendredi 6 avril au lundi 9 avril 2012, un voyage en Lorraine, avec la participation de la commune.<\/p>\n","protected":false},"author":22,"featured_media":0,"comment_status":"open","ping_status":"closed","sticky":false,"template":"","format":"standard","meta":[],"categories":[19],"tags":[],"_links":{"self":[{"href":"https:\/\/www.mouthiers-sur-boeme.fr\/index.php?rest_route=\/wp\/v2\/posts\/1507"}],"collection":[{"href":"https:\/\/www.mouthiers-sur-boeme.fr\/index.php?rest_route=\/wp\/v2\/posts"}],"about":[{"href":"https:\/\/www.mouthiers-sur-boeme.fr\/index.php?rest_route=\/wp\/v2\/types\/post"}],"author":[{"embeddable":true,"href":"https:\/\/www.mouthiers-sur-boeme.fr\/index.php?rest_route=\/wp\/v2\/users\/22"}],"replies":[{"embeddable":true,"href":"https:\/\/www.mouthiers-sur-boeme.fr\/index.php?rest_route=%2Fwp%2Fv2%2Fcomments&post=1507"}],"version-history":[{"count":2,"href":"https:\/\/www.mouthiers-sur-boeme.fr\/index.php?rest_route=\/wp\/v2\/posts\/1507\/revisions"}],"predecessor-version":[{"id":2598,"href":"https:\/\/www.mouthiers-sur-boeme.fr\/index.php?rest_route=\/wp\/v2\/posts\/1507\/revisions\/2598"}],"wp:attachment":[{"href":"https:\/\/www.mouthiers-sur-boeme.fr\/index.php?rest_route=%2Fwp%2Fv2%2Fmedia&parent=1507"}],"wp:term":[{"taxonomy":"category","embeddable":true,"href":"https:\/\/www.mouthiers-sur-boeme.fr\/index.php?rest_route=%2Fwp%2Fv2%2Fcategories&post=1507"},{"taxonomy":"post_tag","embeddable":true,"href":"https:\/\/www.mouthiers-sur-boeme.fr\/index.php?rest_route=%2Fwp%2Fv2%2Ftags&post=1507"}],"curies":[{"name":"wp","href":"https:\/\/api.w.org\/{rel}","templated":true}]}}