{"id":1546,"date":"2010-11-30T09:13:15","date_gmt":"2010-11-30T08:13:15","guid":{"rendered":"http:\/\/blogpeda.ac-poitiers.fr\/iufm6\/?p=1546"},"modified":"2010-11-30T09:13:15","modified_gmt":"2010-11-30T08:13:15","slug":"le-comite-de-jumelage-retrouvailles","status":"publish","type":"post","link":"https:\/\/www.mouthiers-sur-boeme.fr\/?p=1546","title":{"rendered":"Le comit\u00e9 de jumelage : retrouvailles"},"content":{"rendered":"<p>Le Pr\u00e9sident du Comit\u00e9 de Jumelage, G\u00e9rard DISCOUR et Le Maire, C\u00e9cile FORGERON ont accueilli fin octobre la d\u00e9l\u00e9gation de Petite Rosselle \u00e0 la salle Gilles PLOQUIN. Parmi les 31 visiteurs de Lorraine, les trois quarts ne connaissaient pas la Charente. Tout avait \u00e9t\u00e9 pr\u00e9vu par le comit\u00e9 de Jumelage et par la Municipalit\u00e9 pour que les amis de Petite Rosselle connaissent notre pays : la Chaire \u00e0 Calvin, Les Jardins de Forges, Angoul\u00eame : ses vielles rues et ses murs peints, le Maine Giraud, et l\u2019Eglise de Plassac. Au cours des repas des toasts ont \u00e9t\u00e9 \u00e9chang\u00e9s et dans deux ans Mouthiers sera heureux de retourner \u00e0 Petite Rosselle. Une belle amiti\u00e9 a pr\u00e9sid\u00e9 \u00e0 toutes les manifestations de cette \u00e9change<\/p>\n","protected":false},"excerpt":{"rendered":"<p>Le Pr\u00e9sident du Comit\u00e9 de Jumelage, G\u00e9rard DISCOUR et Le Maire, C\u00e9cile FORGERON ont accueilli fin octobre la d\u00e9l\u00e9gation de Petite Rosselle \u00e0 la salle Gilles PLOQUIN. Parmi les 31 visiteurs de Lorraine, les trois quarts ne connaissaient pas la Charente. Tout avait \u00e9t\u00e9 pr\u00e9vu par le comit\u00e9 de Jumelage et par la Municipalit\u00e9 pour &hellip; <a href=\"https:\/\/www.mouthiers-sur-boeme.fr\/?p=1546\" class=\"more-link\">Continuer la lecture de <span class=\"screen-reader-text\">Le comit\u00e9 de jumelage : retrouvailles<\/span>  <span class=\"meta-nav\">&rarr;<\/span><\/a><\/p>\n","protected":false},"author":22,"featured_media":0,"comment_status":"closed","ping_status":"closed","sticky":false,"template":"","format":"standard","meta":[],"categories":[19],"tags":[],"_links":{"self":[{"href":"https:\/\/www.mouthiers-sur-boeme.fr\/index.php?rest_route=\/wp\/v2\/posts\/1546"}],"collection":[{"href":"https:\/\/www.mouthiers-sur-boeme.fr\/index.php?rest_route=\/wp\/v2\/posts"}],"about":[{"href":"https:\/\/www.mouthiers-sur-boeme.fr\/index.php?rest_route=\/wp\/v2\/types\/post"}],"author":[{"embeddable":true,"href":"https:\/\/www.mouthiers-sur-boeme.fr\/index.php?rest_route=\/wp\/v2\/users\/22"}],"replies":[{"embeddable":true,"href":"https:\/\/www.mouthiers-sur-boeme.fr\/index.php?rest_route=%2Fwp%2Fv2%2Fcomments&post=1546"}],"version-history":[{"count":0,"href":"https:\/\/www.mouthiers-sur-boeme.fr\/index.php?rest_route=\/wp\/v2\/posts\/1546\/revisions"}],"wp:attachment":[{"href":"https:\/\/www.mouthiers-sur-boeme.fr\/index.php?rest_route=%2Fwp%2Fv2%2Fmedia&parent=1546"}],"wp:term":[{"taxonomy":"category","embeddable":true,"href":"https:\/\/www.mouthiers-sur-boeme.fr\/index.php?rest_route=%2Fwp%2Fv2%2Fcategories&post=1546"},{"taxonomy":"post_tag","embeddable":true,"href":"https:\/\/www.mouthiers-sur-boeme.fr\/index.php?rest_route=%2Fwp%2Fv2%2Ftags&post=1546"}],"curies":[{"name":"wp","href":"https:\/\/api.w.org\/{rel}","templated":true}]}}