{"id":1579,"date":"2014-09-10T09:13:13","date_gmt":"2014-09-10T08:13:13","guid":{"rendered":"http:\/\/blogpeda.ac-poitiers.fr\/iufm6\/?p=1579"},"modified":"2015-02-27T01:20:10","modified_gmt":"2015-02-27T00:20:10","slug":"pourquoi-la-fibre","status":"publish","type":"post","link":"https:\/\/www.mouthiers-sur-boeme.fr\/?p=1579","title":{"rendered":"Pourquoi la fibre ?"},"content":{"rendered":"<p>&nbsp;<\/p>\n<p>La fibre permettrait :<br \/>\n&#8211; de d\u00e9velopper le t\u00e9l\u00e9travail dans la commune.<\/p>\n<p>&#8211; de rendre\u00a0 attractif notre commune aux jeunes couples ou autres personnes dont le\u00a0 domaine d&rsquo;activit\u00e9 n\u00e9cessite un r\u00e9seau performant: gestion de site en ligne, t\u00e9l\u00e9travail, &#8230;<\/p>\n<p>Cette population engendrera de l&rsquo;activit\u00e9 dans d&rsquo;autres domaines : restauration, artisanat,acc\u00e8s \u00e0 la culture, aux \u00e9coles &#8230;<\/p>\n<p>Voici un extrait de l&rsquo;article \u00ab\u00a0Plan\u00a0 <em>France Tr\u00e8s Haut D\u00e9bit<\/em>\u00a0\u00bb : \u00ab\u00a0construire notre place dans le monde num\u00e9rique globalis\u00e9\u00a0\u00bb\u00a0 publi\u00e9\u00a0 le 18 juin 2014\u00a0s<span style=\"color: #333333;\">ur <a style=\"color: #333333;\" title=\"usine-digitale.fr\" href=\"http:\/\/www.usine-digitale.fr\/article\/plan-france-tres-haut-debit-construire-notre-place-dans-le-monde-numerique-globalise.N269584\">l&rsquo;usine-digitale.fr.<\/a><\/span><\/p>\n<p>\u00ab\u00a0<em>Aujourd\u2019hui,<strong> 1 euro<\/strong> consacr\u00e9 au THD g\u00e9n\u00e8re <strong>6 euros de PIB<\/strong>. Car d\u00e9ployer la fibre optique, ce n\u2019est pas simplement construire une technologie : c\u2019est donner aux 66 millions de Fran\u00e7ais la possibilit\u00e9 d\u2019inventer des r\u00e9ponses aux questions que nous nous posons tous (comment am\u00e9liorer les transports, la sant\u00e9, l\u2019\u00e9ducation ?).<\/em><\/p>\n<p><em>Les champs d\u2019innovation d\u00e9passent notre imagination. Avec la domotique et les objets connect\u00e9s, nos maisons deviennent intelligentes : moins \u00e9nergivores, prot\u00e9g\u00e9es contre les intrusions et les incidents (incendies, inondations). Les personnes fragiles peuvent b\u00e9n\u00e9ficier d\u2019un soin particulier : dans l\u2019Oise, plus de 8 700 seniors sont ainsi abonn\u00e9s \u00e0 la t\u00e9l\u00e9assistance, le dispositif pour entrer en contact \u00e0 tout moment, par simple pression sur un pendentif, avec une plateforme capable d\u2019apporter la r\u00e9ponse adapt\u00e9e.<\/em><\/p>\n<p><em>Les pouvoirs publics prennent la mesure de cette r\u00e9volution. Avec le Big data, il leur devient possible, tout comme les acteurs priv\u00e9s, de recueillir et d\u2019interpr\u00e9ter les donn\u00e9es des infrastructures (routes&#8230;) et des services publics. L\u2019objectif est d\u2019intervenir au plus vite, au plus pr\u00e8s, d\u00e8s le premier signe de dysfonctionnement, pour corriger les situations (ex : canalisation d\u00e9fectueuse, trafic encombr\u00e9\u2026). Le b\u00e9n\u00e9fice, pour les citoyens : acc\u00e9der \u00e0 un service adapt\u00e9, efficient et \u00e9conome<\/em>.\u00a0\u00bb<\/p>\n<p>Derni\u00e8re info :\u00a0 voici un lien pour voir l&rsquo;\u00e9tat du r\u00e9seau sur la commune \u00a0<a title=\"image de la fibre \u00e0 Mouthiers\" href=\"http:\/\/observatoire.francethd.fr\/#\">http:\/\/observatoire.francethd.fr\/#<\/a>\u00a0 puis mettre le nom du village.<br \/>\nOn peut y voir que nous ne sommes pas les plus mal lotis .<\/p>\n<p>&nbsp;<\/p>\n","protected":false},"excerpt":{"rendered":"<p>&nbsp; La fibre permettrait : &#8211; de d\u00e9velopper le t\u00e9l\u00e9travail dans la commune. &#8211; de rendre\u00a0 attractif notre commune aux jeunes couples ou autres personnes dont le\u00a0 domaine d&rsquo;activit\u00e9 n\u00e9cessite un r\u00e9seau performant: gestion de site en ligne, t\u00e9l\u00e9travail, &#8230; Cette population engendrera de l&rsquo;activit\u00e9 dans d&rsquo;autres domaines : restauration, artisanat,acc\u00e8s \u00e0 la culture, aux &hellip; <a href=\"https:\/\/www.mouthiers-sur-boeme.fr\/?p=1579\" class=\"more-link\">Continuer la lecture de <span class=\"screen-reader-text\">Pourquoi la fibre ?<\/span>  <span class=\"meta-nav\">&rarr;<\/span><\/a><\/p>\n","protected":false},"author":22,"featured_media":0,"comment_status":"closed","ping_status":"closed","sticky":false,"template":"","format":"standard","meta":[],"categories":[3],"tags":[],"_links":{"self":[{"href":"https:\/\/www.mouthiers-sur-boeme.fr\/index.php?rest_route=\/wp\/v2\/posts\/1579"}],"collection":[{"href":"https:\/\/www.mouthiers-sur-boeme.fr\/index.php?rest_route=\/wp\/v2\/posts"}],"about":[{"href":"https:\/\/www.mouthiers-sur-boeme.fr\/index.php?rest_route=\/wp\/v2\/types\/post"}],"author":[{"embeddable":true,"href":"https:\/\/www.mouthiers-sur-boeme.fr\/index.php?rest_route=\/wp\/v2\/users\/22"}],"replies":[{"embeddable":true,"href":"https:\/\/www.mouthiers-sur-boeme.fr\/index.php?rest_route=%2Fwp%2Fv2%2Fcomments&post=1579"}],"version-history":[{"count":3,"href":"https:\/\/www.mouthiers-sur-boeme.fr\/index.php?rest_route=\/wp\/v2\/posts\/1579\/revisions"}],"predecessor-version":[{"id":2595,"href":"https:\/\/www.mouthiers-sur-boeme.fr\/index.php?rest_route=\/wp\/v2\/posts\/1579\/revisions\/2595"}],"wp:attachment":[{"href":"https:\/\/www.mouthiers-sur-boeme.fr\/index.php?rest_route=%2Fwp%2Fv2%2Fmedia&parent=1579"}],"wp:term":[{"taxonomy":"category","embeddable":true,"href":"https:\/\/www.mouthiers-sur-boeme.fr\/index.php?rest_route=%2Fwp%2Fv2%2Fcategories&post=1579"},{"taxonomy":"post_tag","embeddable":true,"href":"https:\/\/www.mouthiers-sur-boeme.fr\/index.php?rest_route=%2Fwp%2Fv2%2Ftags&post=1579"}],"curies":[{"name":"wp","href":"https:\/\/api.w.org\/{rel}","templated":true}]}}