{"id":1619,"date":"2014-09-16T13:30:20","date_gmt":"2014-09-16T12:30:20","guid":{"rendered":"http:\/\/blogpeda.ac-poitiers.fr\/iufm6\/?p=1619"},"modified":"2015-02-27T01:02:40","modified_gmt":"2015-02-27T00:02:40","slug":"compte-reunion-de-lundi-15-septembre-sur-le-tres-haut-debit-dans-la-cdc","status":"publish","type":"post","link":"https:\/\/www.mouthiers-sur-boeme.fr\/?p=1619","title":{"rendered":"Compte-rendu de la r\u00e9union du lundi 15 septembre 2014 sur le Tr\u00e8s Haut D\u00e9bit dans la CdC."},"content":{"rendered":"<p>Voici ce que j\u2019ai compris de la r\u00e9union de lundi 15 septembre sur le Tr\u00e8s Haut D\u00e9bit dans la CdC.<\/p>\n<p>Le projet du THD sur l\u2019intercom\u2019 a commenc\u00e9 il y a plus de 6 ans\u00a0par une coordination entre les 3 CdC\u00a0: Braconne &amp; Charente, la Vall\u00e9e de l\u2019\u00e9chelle et la notre..<br \/>\nMais depuis 2008, le cahier des charges a \u00e9volu\u00e9\u00a0: le besoin des particuliers en d\u00e9bit double tous les deux ans\u2026<!--more--><\/p>\n<p>La Charente a \u00e9t\u00e9 divis\u00e9e en deux zones\u00a0: les zones peupl\u00e9es style Agglo ( pour nous c\u2019est la COMAGA ) et les autres ( c\u2019est nous ).<\/p>\n<p>C\u2019est Orange qui s\u2019occupe de d\u00e9velopper, <strong>\u00e0 ses frais<\/strong>, le r\u00e9seau sur la COMAGA ( hors Mornac ).<\/p>\n<p>Chez nous, c\u2019est le SDEG 16 qui porte le projet. Les plans sont bien ficel\u00e9s et des choix techniques ont \u00e9t\u00e9 arr\u00eat\u00e9s\u00a0:<br \/>\n&#8211;\u00a0\u00a0\u00a0\u00a0\u00a0\u00a0 pas de THD par zone, mais du HD pour tous\u00a0: l\u2019ensemble des projets am\u00e8nerait les CdC \u00e0 <strong>85 %<\/strong> du territoire \u00e0 l\u2019offre triple play\u00a0:<br \/>\n4 Mb\/s mini ou la possibilit\u00e9 d\u2019avoir Internet + le t\u00e9l\u00e9phone + la t\u00e9l\u00e9.<br \/>\n&#8211;\u00a0\u00a0\u00a0\u00a0\u00a0\u00a0 5 \u00e9tapes ont \u00e9t\u00e9 pr\u00e9sent\u00e9es\u00a0pour 12,342 M \u20ac:<br \/>\n&#8211; 2 \u00e9tapes pour installer la fibre jusqu\u2019aux sous r\u00e9partiteurs\u00a0( environ 36 pour les CdC )\u00a0 mais on garde du cuivre jusqu\u2019aux maisons<br \/>\n( pas d\u2019augmentation de co\u00fbt pour l\u2019usager).<br \/>\n&#8211; une \u00e9tape pour les ZAE \u00e8 la fibre <em>dans<\/em> les entreprises<br \/>\n&#8211; une \u00e9tape pour le service public \u00e8 la fibre dans les \u00e9coles \u2026<br \/>\n&#8211; une \u00e9tape pour la s\u00e9curisation\u00a0: <em>j\u2019ai oubli\u00e9\u00a0les d\u00e9tails ??<\/em><em>\u00a0<\/em><\/p>\n<p>Pour Mouthiers\u00a0:\u00a0 \u00e9tape 1 et 2\u00a0\u00a0environs 6,5 M\u20ac\u00a0au total<br \/>\n<em>Le Rosier<\/em>, <em>Les Naulets<\/em> et <em>Les Fayards<\/em> b\u00e9n\u00e9ficieraient d\u2019un sous r\u00e9partiteur.<br \/>\nCertaines maisons \u00e0 l\u2019ouest des <em>Chaumes des grands champs<\/em> seront couvertes par le sous r\u00e9partiteur de Claix<br \/>\nPour\u00a0 <em>Gersac<\/em> , la fibre passe, mais est-ce qu\u2019elle s\u2019arr\u00eate\u00a0? \u00a0\u00a0\u00a0\u00a0\u00a0\u00a0\u00a0\u00a0\u00a0\u00a0\u00a0\u00a0\u00a0\u00a0\u00a0\u00a0\u00a0\u00a0\u00a0\u00a0\u00a0\u00a0 pour <em>Les Morinauds<\/em> et <em>les Rois<\/em>\u00a0: rien jusqu\u2019en 2022\u00a0!<\/p>\n<p>Voir le fichier joint sur le r\u00e9seau de collecte par phase<br \/>\n<a href=\"https:\/\/www.mouthiers-sur-boeme.fr\/wp-content\/uploads\/2014\/10\/r\u00e9seau_collecte_CBC.pdf\" target=\"_blank\"><em>r\u00e9seau de collecte par phase CdC CBC<\/em><\/a><\/p>\n<p>Les 5 \u00e9tapes devront \u00eatre men\u00e9es toutes ensembles pour pouvoir profiter d\u2019aide europ\u00e9enne\u00a0: 1 M \u20ac si les travaux de l\u2019\u00e9tape 1 sont finis avant juin 2015 + 2,6 M\u20ac si l\u2019\u00e9tape\u00a03 est finie avant fin 2015.<br \/>\nen tout, c\u2019est presque 3 M \u20ac de subvention + environ 9,5 M\u20ac \u00a0d\u2019aide.\u00a0\u00a0 Il y aura plusieurs prestataires de service pour passer la fibre dans les bons d\u00e9lais. Les travaux doivent d\u00e9buter avant la fin de l\u2019ann\u00e9e.<\/p>\n<p>Le projet a \u00e9t\u00e9 pr\u00e9sent\u00e9 \u00e0 l\u2019organisme qui repr\u00e9sente l\u2019\u00e9tat ( <em>France Fibre\u00a0?<\/em> ) mais il ne reconna\u00eet qu\u2019un seul interlocuteur\u00a0: le conseil g\u00e9n\u00e9ral.<br \/>\nPour l\u2019\u00e9tat, le projet des 3 CdC est bon ( hormis quelques petites modif\u2019 )., mais il ne sera valid\u00e9 qu\u2019\u00e0 travers le CG. Le probl\u00e8me est que le d\u00e9partement n\u2019a pas mis en place la commission qui choisira le prestataire de service qui g\u00e8rera le projet de la fibre en Charente\u00a0: soit l\u2019organisme qui dialoguera avec l\u2019\u00e9tat \u2026<em>F. NO\u00cbL<\/em><\/p>\n<p>&nbsp;<\/p>\n<p>&nbsp;<\/p>\n","protected":false},"excerpt":{"rendered":"<p>Voici ce que j\u2019ai compris de la r\u00e9union de lundi 15 septembre sur le Tr\u00e8s Haut D\u00e9bit dans la CdC. Le projet du THD sur l\u2019intercom\u2019 a commenc\u00e9 il y a plus de 6 ans\u00a0par une coordination entre les 3 CdC\u00a0: Braconne &amp; Charente, la Vall\u00e9e de l\u2019\u00e9chelle et la notre.. Mais depuis 2008, le &hellip; <a href=\"https:\/\/www.mouthiers-sur-boeme.fr\/?p=1619\" class=\"more-link\">Continuer la lecture de <span class=\"screen-reader-text\">Compte-rendu de la r\u00e9union du lundi 15 septembre 2014 sur le Tr\u00e8s Haut D\u00e9bit dans la CdC.<\/span>  <span class=\"meta-nav\">&rarr;<\/span><\/a><\/p>\n","protected":false},"author":22,"featured_media":0,"comment_status":"closed","ping_status":"closed","sticky":false,"template":"","format":"standard","meta":[],"categories":[3],"tags":[],"_links":{"self":[{"href":"https:\/\/www.mouthiers-sur-boeme.fr\/index.php?rest_route=\/wp\/v2\/posts\/1619"}],"collection":[{"href":"https:\/\/www.mouthiers-sur-boeme.fr\/index.php?rest_route=\/wp\/v2\/posts"}],"about":[{"href":"https:\/\/www.mouthiers-sur-boeme.fr\/index.php?rest_route=\/wp\/v2\/types\/post"}],"author":[{"embeddable":true,"href":"https:\/\/www.mouthiers-sur-boeme.fr\/index.php?rest_route=\/wp\/v2\/users\/22"}],"replies":[{"embeddable":true,"href":"https:\/\/www.mouthiers-sur-boeme.fr\/index.php?rest_route=%2Fwp%2Fv2%2Fcomments&post=1619"}],"version-history":[{"count":4,"href":"https:\/\/www.mouthiers-sur-boeme.fr\/index.php?rest_route=\/wp\/v2\/posts\/1619\/revisions"}],"predecessor-version":[{"id":2591,"href":"https:\/\/www.mouthiers-sur-boeme.fr\/index.php?rest_route=\/wp\/v2\/posts\/1619\/revisions\/2591"}],"wp:attachment":[{"href":"https:\/\/www.mouthiers-sur-boeme.fr\/index.php?rest_route=%2Fwp%2Fv2%2Fmedia&parent=1619"}],"wp:term":[{"taxonomy":"category","embeddable":true,"href":"https:\/\/www.mouthiers-sur-boeme.fr\/index.php?rest_route=%2Fwp%2Fv2%2Fcategories&post=1619"},{"taxonomy":"post_tag","embeddable":true,"href":"https:\/\/www.mouthiers-sur-boeme.fr\/index.php?rest_route=%2Fwp%2Fv2%2Ftags&post=1619"}],"curies":[{"name":"wp","href":"https:\/\/api.w.org\/{rel}","templated":true}]}}