{"id":1852,"date":"2010-11-20T18:53:21","date_gmt":"2010-11-20T17:53:21","guid":{"rendered":"http:\/\/blogpeda.ac-poitiers.fr\/iufm6\/?p=1852"},"modified":"2015-01-11T09:23:15","modified_gmt":"2015-01-11T08:23:15","slug":"mouthiers-une-commune-sans-pesticide","status":"publish","type":"post","link":"https:\/\/www.mouthiers-sur-boeme.fr\/?p=1852","title":{"rendered":"Mouthiers, une commune sans pesticide"},"content":{"rendered":"<p>Pour prot\u00e9ger la sant\u00e9, les ressources naturelles et la biodiversit\u00e9 &#8230; la Charte Terre Saine Poitou-Charentes invite les communes et les \u00e9tablissements publics intercommunaux \u00e0 participer \u00e0 la r\u00e9duction des pesticides et \u00e0 la pr\u00e9servation d\u2019un environnement sain en Poitou-Charentes.<\/p>\n<figure id=\"attachment_1856\" aria-describedby=\"caption-attachment-1856\" style=\"width: 300px\" class=\"wp-caption aligncenter\"><a href=\"https:\/\/www.mouthiers-sur-boeme.fr\/wp-content\/uploads\/2014\/09\/papillon_paysage-2-3f604-6d43f.jpg\"><img loading=\"lazy\" class=\"wp-image-1856 size-medium\" src=\"https:\/\/www.mouthiers-sur-boeme.fr\/wp-content\/uploads\/2014\/09\/papillon_paysage-2-3f604-6d43f-300x150.jpg\" alt=\"Logo de la charte terre saine : le papillon \" width=\"300\" height=\"150\" srcset=\"https:\/\/www.mouthiers-sur-boeme.fr\/wp-content\/uploads\/2014\/09\/papillon_paysage-2-3f604-6d43f-300x150.jpg 300w, https:\/\/www.mouthiers-sur-boeme.fr\/wp-content\/uploads\/2014\/09\/papillon_paysage-2-3f604-6d43f.jpg 479w\" sizes=\"(max-width: 300px) 100vw, 300px\" \/><\/a><figcaption id=\"caption-attachment-1856\" class=\"wp-caption-text\">Logo de la charte terre saine : le papillon<\/figcaption><\/figure>\n<p>Depuis 2009, la commune de Mouthiers sur Bo\u00ebme a sign\u00e9 cette charte et s\u2019engage dans un premier temps \u00e0 diminuer l\u2019utilisation des produits dangereux pour traiter les espaces verts de la commune.<\/p>\n<p>Fort de cet engagement, un groupe de travail compos\u00e9 d\u2019\u00e9lus et du responsable des services techniques vont r\u00e9fl\u00e9chir aux diff\u00e9rentes actions \u00e0 mener pour entretenir les espaces communaux de mani\u00e8re plus respectueuse pour l\u2019environnement tout en pr\u00e9servant la qualit\u00e9 visuelle de notre espace public.<\/p>\n<p>Les \u00e9coles et le foyer pour personnes \u00e2g\u00e9es seront associ\u00e9s pour encourager les bonnes pratiques sur notre commune.<\/p>\n<p>Pour en savoir plus : http:\/\/www.terresaine-poitou-charentes.fr\/<\/p>\n<p>Nous sommes tous concern\u00e9s.<\/p>\n","protected":false},"excerpt":{"rendered":"<p>Pour prot\u00e9ger la sant\u00e9, les ressources naturelles et la biodiversit\u00e9 &#8230; la Charte Terre Saine Poitou-Charentes invite les communes et les \u00e9tablissements publics intercommunaux \u00e0 participer \u00e0 la r\u00e9duction des pesticides et \u00e0 la pr\u00e9servation d\u2019un environnement sain en Poitou-Charentes. Depuis 2009, la commune de Mouthiers sur Bo\u00ebme a sign\u00e9 cette charte et s\u2019engage dans &hellip; <a href=\"https:\/\/www.mouthiers-sur-boeme.fr\/?p=1852\" class=\"more-link\">Continuer la lecture de <span class=\"screen-reader-text\">Mouthiers, une commune sans pesticide<\/span>  <span class=\"meta-nav\">&rarr;<\/span><\/a><\/p>\n","protected":false},"author":22,"featured_media":0,"comment_status":"open","ping_status":"closed","sticky":false,"template":"","format":"standard","meta":[],"categories":[4],"tags":[],"_links":{"self":[{"href":"https:\/\/www.mouthiers-sur-boeme.fr\/index.php?rest_route=\/wp\/v2\/posts\/1852"}],"collection":[{"href":"https:\/\/www.mouthiers-sur-boeme.fr\/index.php?rest_route=\/wp\/v2\/posts"}],"about":[{"href":"https:\/\/www.mouthiers-sur-boeme.fr\/index.php?rest_route=\/wp\/v2\/types\/post"}],"author":[{"embeddable":true,"href":"https:\/\/www.mouthiers-sur-boeme.fr\/index.php?rest_route=\/wp\/v2\/users\/22"}],"replies":[{"embeddable":true,"href":"https:\/\/www.mouthiers-sur-boeme.fr\/index.php?rest_route=%2Fwp%2Fv2%2Fcomments&post=1852"}],"version-history":[{"count":1,"href":"https:\/\/www.mouthiers-sur-boeme.fr\/index.php?rest_route=\/wp\/v2\/posts\/1852\/revisions"}],"predecessor-version":[{"id":2307,"href":"https:\/\/www.mouthiers-sur-boeme.fr\/index.php?rest_route=\/wp\/v2\/posts\/1852\/revisions\/2307"}],"wp:attachment":[{"href":"https:\/\/www.mouthiers-sur-boeme.fr\/index.php?rest_route=%2Fwp%2Fv2%2Fmedia&parent=1852"}],"wp:term":[{"taxonomy":"category","embeddable":true,"href":"https:\/\/www.mouthiers-sur-boeme.fr\/index.php?rest_route=%2Fwp%2Fv2%2Fcategories&post=1852"},{"taxonomy":"post_tag","embeddable":true,"href":"https:\/\/www.mouthiers-sur-boeme.fr\/index.php?rest_route=%2Fwp%2Fv2%2Ftags&post=1852"}],"curies":[{"name":"wp","href":"https:\/\/api.w.org\/{rel}","templated":true}]}}