{"id":1870,"date":"2014-09-23T20:59:47","date_gmt":"2014-09-23T19:59:47","guid":{"rendered":"http:\/\/blogpeda.ac-poitiers.fr\/iufm6\/?p=1870"},"modified":"2015-02-27T00:56:20","modified_gmt":"2015-02-26T23:56:20","slug":"le-deploiement-du-numerique-dans-notre-commune-commission-reseau-2014","status":"publish","type":"post","link":"https:\/\/www.mouthiers-sur-boeme.fr\/?p=1870","title":{"rendered":"Le d\u00e9ploiement du num\u00e9rique dans notre commune commission r\u00e9seau 2014"},"content":{"rendered":"<p>&nbsp;<\/p>\n<div class=\"ace-line\"><\/div>\n<h1 id=\"magicdomid165\" class=\"ace-line\"><span class=\"author-p-1710\">Le d\u00e9ploiement du num\u00e9rique dans notre commune<\/span><\/h1>\n<h1 id=\"magicdomid169\" class=\"ace-line\"><span class=\"author-p-1710\">commission r\u00e9seau 2014<\/span><\/h1>\n<div id=\"magicdomid170\" class=\"ace-line\">\n<h3 id=\"magicdomid83\" class=\"ace-line\"><span class=\"author-p-1710\">1) Pr\u00e9sentation g\u00e9n\u00e9rale (analyse de l&rsquo;existant) politique<\/span><\/h3>\n<\/div>\n<div id=\"magicdomid52\" class=\"ace-line\"><\/div>\n<div id=\"magicdomid2\"><span class=\"author-p-1710\">Aujourd\u2019hui, aucun territoire, aucune activit\u00e9 ne peuvent plus faire l\u2019abstraction d\u2019internet ou des t\u00e9l\u00e9phones portables.<\/span><\/div>\n<div id=\"magicdomid173\" class=\"ace-line\"><span class=\"author-p-1710\">Le\u00a0 num\u00e9rique est d\u00e9sormais un facteur essentiel dans la cr\u00e9ation et le\u00a0 maintien d\u2019activit\u00e9s et ces outils repr\u00e9sentent une occasion de stimuler\u00a0 notre territoire et notre communaut\u00e9.<\/span><\/div>\n<p><!--more--><\/p>\n<div id=\"magicdomid1501\" class=\"ace-line\"><span class=\"author-p-1710\">Nous nous devons de maintenir notre commune dans le XXI\u00e8me si\u00e8cle. <\/span><span class=\"author-p-1710\">La major<\/span><span class=\"author-g-hxoycskz122zx0cm6bde\">i<\/span><span class=\"author-p-1710\">t\u00e9 de nos concitoyens a moins de 50 ans et est tr\u00e8s impliqu\u00e9e dans la culture num\u00e9rique via les smartphones,\u00a0 la pratique des r\u00e9sea<\/span><span class=\"author-g-hxoycskz122zx0cm6bde\">u<\/span><span class=\"author-p-1710\">x sur l&rsquo;intern<\/span><span class=\"author-g-hxoycskz122zx0cm6bde\">e<\/span><span class=\"author-p-1710\">t et la t\u00e9l\u00e9vision (cf : recensement 2009 INSEE). <\/span><span class=\"author-g-hxoycskz122zx0cm6bde\">L<\/span><span class=\"author-p-1710\">e nombre de jeunes couples qui ont des enfants en \u00e2ge scolaire baisse, ce qui a entr<\/span><span class=\"author-g-hxoycskz122zx0cm6bde\">a<\/span><span class=\"author-p-1710\">\u00een\u00e9 la fermeture d&rsquo;une classe \u00e0 l&rsquo;\u00e9cole \u00e9l\u00e9mentaire.<\/span><\/div>\n<div id=\"magicdomid476\" class=\"ace-line\"><span class=\"author-p-1710\">La\u00a0 qualit\u00e9 de vie dans notre village est, certes, un facteur d\u2019attractivit\u00e9 pour de\u00a0 futurs Monast\u00e9riens. Mais le d\u00e9ploiement du tr\u00e8s haut d\u00e9bit sera\u00a0 bient\u00f4t un \u00e9l\u00e9ment fondamental dans le choix d\u2019un jeune couple pour\u00a0 s\u2019installer ou pas dans notre commune.<\/span><\/div>\n<div id=\"magicdomid478\" class=\"ace-line\"><span class=\"author-p-1710\">De plus, le num\u00e9rique est un\u00a0 moyen d\u2019apporter de la comp\u00e9titivit\u00e9 pour les entreprises de notre\u00a0 territoire et permettre l\u2019implantation de nouveaux entrepreneurs et de\u00a0 nouveaux services.<\/span><\/div>\n<div id=\"magicdomid638\" class=\"ace-line\"><span class=\"author-p-1710\">La municipalit\u00e9 pr\u00e9c\u00e9dente s&rsquo;\u00e9tait d\u00e9j\u00e0 inscrite dans ce constat en inscrivant r\u00e9solument le projet intercom<\/span><span class=\"author-g-hxoycskz122zx0cm6bde\">m<\/span><span class=\"author-p-1710\">unal de m\u00e9diath\u00e8que comme \u00e9tant un p\u00f4le internet gratuit de diffusion de savoirs.<\/span><\/div>\n<div id=\"magicdomid734\" class=\"ace-line\"><span class=\"author-p-1710\">Actuellement, les abonn\u00e9s sont desservis via un abonnement ADSL et d&rsquo;un r\u00e9seau 3G pour la t\u00e9l\u00e9phonie mobile.<\/span><\/div>\n<div id=\"magicdomid621\" class=\"ace-line\"><\/div>\n<h3 id=\"magicdomid871\" class=\"ace-line\"><span class=\"author-p-1710\">2) <\/span><span class=\"author-g-hxoycskz122zx0cm6bde\">Le tr\u00e8s haut d\u00e9bit<\/span><\/h3>\n<div id=\"magicdomid755\" class=\"ace-line\"><span class=\"author-p-1710\">Les\u00a0 choix technologiques de la communaut\u00e9 de commune vont permettre \u00e0 la\u00a0 grande majorit\u00e9 des habitants d\u2019acc\u00e9der <\/span><span class=\"author-g-hxoycskz122zx0cm6bde\">\u00e0 plus<\/span><span class=\"author-p-1710\"> haut d\u00e9bit<\/span><span class=\"author-g-hxoycskz122zx0cm6bde\"> que l&rsquo;ADSL :<\/span><span class=\"author-p-1710\"> offre triple\u00a0 play : internet + t\u00e9l\u00e9phone + t\u00e9l\u00e9vision\u00a0 sans augmentation de leur\u00a0 abonnement.<\/span><\/div>\n<div id=\"magicdomid1503\" class=\"ace-line\"><span class=\"author-p-1710\">C&rsquo;<\/span><span class=\"author-p-1710\">est <\/span><span class=\"author-g-hxoycskz122zx0cm6bde\">un<\/span><span class=\"author-p-1710\"> premier pas<\/span><span class=\"author-g-hxoycskz122zx0cm6bde\"> qui nous am<\/span><span class=\"author-p-1710\">\u00e8<\/span><span class=\"author-g-hxoycskz122zx0cm6bde\">nera tous <\/span><span class=\"author-p-1710\">vers<\/span><span class=\"author-g-hxoycskz122zx0cm6bde\"> le tr\u00e8s haut d\u00e9bit avec le d\u00e9ploiement de <\/span><span class=\"author-p-1710\">la fibre<\/span><span class=\"author-g-hxoycskz122zx0cm6bde\"> en 2022<\/span><span class=\"author-p-1710\">.\u00a0\u00a0<\/span><\/div>\n<div id=\"magicdomid852\" class=\"ace-line\"><span class=\"author-p-1710\">\u00a0Mais\u00a0 le d\u00e9ploiement des r\u00e9seaux tr\u00e8s haut d\u00e9bit, n\u2019est pas suffisant pour\u00a0 permettre le d\u00e9veloppement social et \u00e9conomique de notre commune.\u00a0<\/span><\/div>\n<div id=\"magicdomid851\" class=\"ace-line\"><\/div>\n<h3 id=\"magicdomid913\" class=\"ace-line\"><span class=\"author-p-1710\">3) <\/span><span class=\"author-g-hxoycskz122zx0cm6bde\">Notre projet : apporter des services \u00e0 la population.<\/span><\/h3>\n<div id=\"magicdomid1095\" class=\"ace-line\"><span class=\"author-p-1710\">En parall\u00e8le, nous menons <\/span><span class=\"author-g-hxoycskz122zx0cm6bde\">plusieurs<\/span><span class=\"author-p-1710\"> projets :<\/span><\/div>\n<h5 id=\"magicdomid1132\" class=\"ace-line\"><span class=\"author-p-1710 b\">Un<\/span><span class=\"author-p-1710 b\"> sit<\/span><span class=\"author-p-1710 b\">e<\/span><span class=\"author-p-1710 b\"> internet<\/span><\/h5>\n<div id=\"magicdomid923\" class=\"ace-line\" style=\"padding-left: 30px;\"><span class=\"author-p-1710\">La refonte\u00a0 du site de la commune dans une version :\u00a0<\/span><\/div>\n<div class=\"ace-line\" style=\"padding-left: 30px;\"><\/div>\n<ul>\n<ul>\n<ul>\n<li><span class=\"author-p-1710\">plus vivante ( avec des rubriques utiles sur la commune : menu de la cantine scolaire, d\u00e9marches administratives\u2026)<\/span><\/li>\n<li><span class=\"author-p-1710\">plus e<\/span><span class=\"author-g-hxoycskz122zx0cm6bde\">n phase avec la jeunesse<\/span><span class=\"author-p-1710\"> ( consultable depuis un Smartphone )<\/span><\/li>\n<li><span class=\"author-p-1710\">plus interactive ( avec des possibilit\u00e9s de sondage en ligne\u2026) avec des informations touristiques ( des liens vers des partenaires de\u00a0 notre commune et autres commer\u00e7ants : adresses d\u2019h\u00e9bergement, de\u00a0 restauration&#8230;)<br \/>\n<\/span><\/li>\n<li><span class=\"author-g-hxoycskz122zx0cm6bde\">plus en lien avec les acteurs \u00e9conomiques de notre commune ( m\u00e9decins, plombier<\/span><span class=\"author-p-1710\">s<\/span><span class=\"author-g-hxoycskz122zx0cm6bde\"> &#8230; ) <\/span><\/li>\n<li><span class=\"author-p-1710\">plus efficace avec de nouveaux services comme \u00ab allo travaux\u00bb pour signaler des r\u00e9parations \u00e0 r\u00e9aliser ou des dysfonctionnements sur la voirie \u2026\u00a0<\/span><\/li>\n<li><span class=\"author-p-1710\">et d\u2019autres innovations \u00e0 d\u00e9couvrir sur le site \u2026\u00a0<\/span><\/li>\n<\/ul>\n<\/ul>\n<\/ul>\n<div id=\"magicdomid1092\" class=\"ace-line\"><span class=\"author-p-1710\">\u00a0L<\/span><span class=\"author-p-1710\">e\u00a0 site pourra \u00eatre la vitrine touristique de notre village o\u00f9 chaque\u00a0 habitant pourra devenir son ambassadeur : avec des photos et des\u00a0 anecdotes sur notre patrimoine et sur son histoire. Nous pourrions tr\u00e8s bien mettre en ligne d\u2019anciennes cartes postales de la commune ou les photos de classes \u2026<\/span><\/div>\n<div class=\"ace-line\"><\/div>\n<h5 id=\"magicdomid1135\" class=\"ace-line\"><span class=\"author-p-1710 b\">Interactivit\u00e9<b> cr\u00e9ation de s<\/b><\/span><span class=\"author-g-hxoycskz122zx0cm6bde b\"><b>e<\/b><\/span><span class=\"author-p-1710 b\"><b>rvices de proximit\u00e9<\/b><\/span><\/h5>\n<div id=\"magicdomid1341\" class=\"ace-line\" style=\"padding-left: 30px;\"><span class=\"author-p-1710\">La fibre nous permettra dans un futur proche de d\u00e9velopper des syst\u00e8mes pour am\u00e9liorer la s\u00e9curit\u00e9 des personnes et des biens :\u00a0<\/span><\/div>\n<div id=\"magicdomid1511\" class=\"ace-line\" style=\"padding-left: 30px;\"><span class=\"author-p-1710\">\u00a0utiliser\u00a0 la vid\u00e9o afin de pouvoir communiquer avec les personnes isol\u00e9es et\u00a0 vuln\u00e9rables, permettre aux usagers de s\u00e9curiser leur maison et leurs\u00a0 proches ou installer des syst\u00e8mes d&rsquo;\u00e9clairage intelligent o\u00f9 l&rsquo;intensit\u00e9\u00a0 de l&rsquo;\u00e9clairage s&rsquo;adapte \u00e0 la luminosit\u00e9 ambiante et aux passages des\u00a0 personnes \u2026<\/span><\/div>\n<h5 id=\"magicdomid1146\" class=\"ace-line\"><span class=\"author-p-1710\">\u00a0<\/span><span class=\"author-p-1710 b\">T\u00e9l\u00e9travail<\/span><\/h5>\n<div id=\"magicdomid1345\" class=\"ace-line\" style=\"padding-left: 30px;\"><span class=\"author-p-1710\">Elle\u00a0 permettra aussi de d\u00e9velopper le t\u00e9l\u00e9travail, mais aussi le lien\u00a0 social, ou encore d\u2019assurer un meilleur acc\u00e8s aux services :<\/span><span class=\"author-p-1710\"><br \/>\n&#8211; actuellement, nous proposons via la m\u00e9diath\u00e8que la possibilit\u00e9 de se\u00a0 connecter \u00e0 Internet depuis les ordinateurs en libre service, demain\u00a0 nous aurons peut-\u00eatre la possibilit\u00e9 de permettre \u00e0 un demandeur\u00a0 d&#8217;emploi de rencontrer un conseiller en vid\u00e9oconf\u00e9rence ou de donner la\u00a0 possibilit\u00e9 \u00e0 des personnes handicap\u00e9es d\u2019acc\u00e9der \u00e0 de nouvelles\u00a0 activit\u00e9s \u2026<\/span><\/div>\n<div class=\"ace-line\" style=\"padding-left: 30px;\"><span class=\"author-p-1710\">&#8211; h\u00e9bergement d&rsquo;entreprises et cr\u00e9ations de sec<\/span><span class=\"author-g-hxoycskz122zx0cm6bde\">r<\/span><span class=\"author-p-1710\">\u00e9tariats centralis\u00e9s pour les professions lib\u00e9rales et les artisans.<\/span><\/div>\n<h5 id=\"magicdomid1390\" class=\"ace-line\"><span class=\"author-p-1710 b\">\u00c9ducation<b>\u00a0\u00a0<\/b><\/span><\/h5>\n<div id=\"magicdomid1518\" class=\"ace-line\" style=\"padding-left: 30px;\"><span class=\"author-p-1710\">Nous\u00a0 travaillons aussi, dans le cadre de la refondation de l&rsquo;\u00e9cole, \u00e0 augmenter la qualit\u00e9 des se<\/span><span class=\"author-g-hxoycskz122zx0cm6bde\">r<\/span><span class=\"author-p-1710\">vices num\u00e9ri<\/span><span class=\"author-g-hxoycskz122zx0cm6bde\">q<\/span><span class=\"author-p-1710\">ues pour nos \u00e9coles. Nos enfants ont\u00a0 d\u00e9j\u00e0 un pied dans le futur. Il faut voir \u00e0 quelle vitesse ils s\u2019adaptent\u00a0 aux nouvelles technologies. Nous leur devons un \u00e9quipement digne de nos\u00a0 obligations : former un citoyen \u00e0 l&rsquo;\u00e8re du num\u00e9rique. Par exemple : <\/span><span class=\"author-g-hxoycskz122zx0cm6bde\">i<\/span><span class=\"author-p-1710\">l faut \u00e9quiper nos \u00e9coles de moyens\u00a0 de communication qui leur\u00a0 permettront d\u2019utiliser la visioconf\u00e9rence comme un outil d\u2019\u00e9change\u00a0 quotidien vers d\u2019autres camarades comme nos amis de Petite-Rosselle.<\/span><\/div>\n<div id=\"magicdomid29\" style=\"padding-left: 30px;\"><span class=\"author-p-1710\">\u00a0<\/span><\/div>\n<h3 id=\"magicdomid1516\" class=\"ace-line\"><span class=\"author-p-1710 b\">4) Conclusion<\/span><\/h3>\n<div id=\"magicdomid1495\" class=\"ace-line\"><span class=\"author-p-1710\">\u00a0<\/span><\/div>\n<div id=\"magicdomid31\" style=\"padding-left: 30px;\"><span class=\"author-p-1710\">L\u2019enjeu\u00a0 est d\u2019amener Mouthiers vers le num\u00e9rique et les nouvelles technologies\u00a0 afin de saisir cette formidable opportunit\u00e9 qui se pr\u00e9sente \u00e0 nous.<\/span><\/div>\n<div id=\"magicdomid32\"><\/div>\n<div id=\"magicdomid33\"><\/div>\n<p><span class=\"author-p-1710 b\">\u00a0<\/span><\/p>\n","protected":false},"excerpt":{"rendered":"<p>&nbsp; Le d\u00e9ploiement du num\u00e9rique dans notre commune commission r\u00e9seau 2014 1) Pr\u00e9sentation g\u00e9n\u00e9rale (analyse de l&rsquo;existant) politique Aujourd\u2019hui, aucun territoire, aucune activit\u00e9 ne peuvent plus faire l\u2019abstraction d\u2019internet ou des t\u00e9l\u00e9phones portables. Le\u00a0 num\u00e9rique est d\u00e9sormais un facteur essentiel dans la cr\u00e9ation et le\u00a0 maintien d\u2019activit\u00e9s et ces outils repr\u00e9sentent une occasion de stimuler\u00a0 &hellip; <a href=\"https:\/\/www.mouthiers-sur-boeme.fr\/?p=1870\" class=\"more-link\">Continuer la lecture de <span class=\"screen-reader-text\">Le d\u00e9ploiement du num\u00e9rique dans notre commune commission r\u00e9seau 2014<\/span>  <span class=\"meta-nav\">&rarr;<\/span><\/a><\/p>\n","protected":false},"author":22,"featured_media":0,"comment_status":"open","ping_status":"closed","sticky":false,"template":"","format":"standard","meta":[],"categories":[1],"tags":[],"_links":{"self":[{"href":"https:\/\/www.mouthiers-sur-boeme.fr\/index.php?rest_route=\/wp\/v2\/posts\/1870"}],"collection":[{"href":"https:\/\/www.mouthiers-sur-boeme.fr\/index.php?rest_route=\/wp\/v2\/posts"}],"about":[{"href":"https:\/\/www.mouthiers-sur-boeme.fr\/index.php?rest_route=\/wp\/v2\/types\/post"}],"author":[{"embeddable":true,"href":"https:\/\/www.mouthiers-sur-boeme.fr\/index.php?rest_route=\/wp\/v2\/users\/22"}],"replies":[{"embeddable":true,"href":"https:\/\/www.mouthiers-sur-boeme.fr\/index.php?rest_route=%2Fwp%2Fv2%2Fcomments&post=1870"}],"version-history":[{"count":4,"href":"https:\/\/www.mouthiers-sur-boeme.fr\/index.php?rest_route=\/wp\/v2\/posts\/1870\/revisions"}],"predecessor-version":[{"id":2587,"href":"https:\/\/www.mouthiers-sur-boeme.fr\/index.php?rest_route=\/wp\/v2\/posts\/1870\/revisions\/2587"}],"wp:attachment":[{"href":"https:\/\/www.mouthiers-sur-boeme.fr\/index.php?rest_route=%2Fwp%2Fv2%2Fmedia&parent=1870"}],"wp:term":[{"taxonomy":"category","embeddable":true,"href":"https:\/\/www.mouthiers-sur-boeme.fr\/index.php?rest_route=%2Fwp%2Fv2%2Fcategories&post=1870"},{"taxonomy":"post_tag","embeddable":true,"href":"https:\/\/www.mouthiers-sur-boeme.fr\/index.php?rest_route=%2Fwp%2Fv2%2Ftags&post=1870"}],"curies":[{"name":"wp","href":"https:\/\/api.w.org\/{rel}","templated":true}]}}