{"id":2001,"date":"2014-10-07T10:09:44","date_gmt":"2014-10-07T09:09:44","guid":{"rendered":"https:\/\/www.mouthiers-sur-boeme.fr\/?p=2001"},"modified":"2014-10-07T10:13:34","modified_gmt":"2014-10-07T09:13:34","slug":"la-commision-reseau-au-travail","status":"publish","type":"post","link":"https:\/\/www.mouthiers-sur-boeme.fr\/?p=2001","title":{"rendered":"La commision r\u00e9seau au travail"},"content":{"rendered":"<figure id=\"attachment_2003\" aria-describedby=\"caption-attachment-2003\" style=\"width: 300px\" class=\"wp-caption alignleft\"><a href=\"https:\/\/www.mouthiers-sur-boeme.fr\/wp-content\/uploads\/2014\/10\/105_0269.jpg\"><img loading=\"lazy\" class=\"wp-image-2003 size-medium\" src=\"https:\/\/www.mouthiers-sur-boeme.fr\/wp-content\/uploads\/2014\/10\/105_0269-300x168.jpg\" alt=\"Commission r\u00e9seau chez Michel\" width=\"300\" height=\"168\" srcset=\"https:\/\/www.mouthiers-sur-boeme.fr\/wp-content\/uploads\/2014\/10\/105_0269-300x168.jpg 300w, https:\/\/www.mouthiers-sur-boeme.fr\/wp-content\/uploads\/2014\/10\/105_0269-1024x576.jpg 1024w\" sizes=\"(max-width: 300px) 100vw, 300px\" \/><\/a><figcaption id=\"caption-attachment-2003\" class=\"wp-caption-text\">Commission r\u00e9seau chez Michel &#8211; Photo MB<\/figcaption><\/figure>\n<p>Ce lundi nous nous sommes r\u00e9unis chez Michel pour travailler sur le site de la commune.<\/p>\n<p>Nous avons appris \u00e0 int\u00e9grer des articles, \u00e0 ins\u00e9rer des photos et \u00e0 classer les articles dans les cat\u00e9gories.<\/p>\n<p>Lors du prochain atelier technique, nous travaillerons sur le redimensionnement des photos et l&rsquo;int\u00e9gration de vid\u00e9os sur notre site.<\/p>\n","protected":false},"excerpt":{"rendered":"<p>Ce lundi nous nous sommes r\u00e9unis chez Michel pour travailler sur le site de la commune. Nous avons appris \u00e0 int\u00e9grer des articles, \u00e0 ins\u00e9rer des photos et \u00e0 classer les articles dans les cat\u00e9gories. Lors du prochain atelier technique, nous travaillerons sur le redimensionnement des photos et l&rsquo;int\u00e9gration de vid\u00e9os sur notre site.<\/p>\n","protected":false},"author":22,"featured_media":0,"comment_status":"open","ping_status":"open","sticky":false,"template":"","format":"standard","meta":[],"categories":[3],"tags":[],"_links":{"self":[{"href":"https:\/\/www.mouthiers-sur-boeme.fr\/index.php?rest_route=\/wp\/v2\/posts\/2001"}],"collection":[{"href":"https:\/\/www.mouthiers-sur-boeme.fr\/index.php?rest_route=\/wp\/v2\/posts"}],"about":[{"href":"https:\/\/www.mouthiers-sur-boeme.fr\/index.php?rest_route=\/wp\/v2\/types\/post"}],"author":[{"embeddable":true,"href":"https:\/\/www.mouthiers-sur-boeme.fr\/index.php?rest_route=\/wp\/v2\/users\/22"}],"replies":[{"embeddable":true,"href":"https:\/\/www.mouthiers-sur-boeme.fr\/index.php?rest_route=%2Fwp%2Fv2%2Fcomments&post=2001"}],"version-history":[{"count":4,"href":"https:\/\/www.mouthiers-sur-boeme.fr\/index.php?rest_route=\/wp\/v2\/posts\/2001\/revisions"}],"predecessor-version":[{"id":2006,"href":"https:\/\/www.mouthiers-sur-boeme.fr\/index.php?rest_route=\/wp\/v2\/posts\/2001\/revisions\/2006"}],"wp:attachment":[{"href":"https:\/\/www.mouthiers-sur-boeme.fr\/index.php?rest_route=%2Fwp%2Fv2%2Fmedia&parent=2001"}],"wp:term":[{"taxonomy":"category","embeddable":true,"href":"https:\/\/www.mouthiers-sur-boeme.fr\/index.php?rest_route=%2Fwp%2Fv2%2Fcategories&post=2001"},{"taxonomy":"post_tag","embeddable":true,"href":"https:\/\/www.mouthiers-sur-boeme.fr\/index.php?rest_route=%2Fwp%2Fv2%2Ftags&post=2001"}],"curies":[{"name":"wp","href":"https:\/\/api.w.org\/{rel}","templated":true}]}}