{"id":2016,"date":"2014-10-11T13:47:35","date_gmt":"2014-10-11T12:47:35","guid":{"rendered":"https:\/\/www.mouthiers-sur-boeme.fr\/?p=2016"},"modified":"2014-11-04T19:38:11","modified_gmt":"2014-11-04T18:38:11","slug":"cest-reparti-pour-le-bad","status":"publish","type":"post","link":"https:\/\/www.mouthiers-sur-boeme.fr\/?p=2016","title":{"rendered":"C\u2019est reparti pour le Bad !"},"content":{"rendered":"<p><a href=\"https:\/\/www.mouthiers-sur-boeme.fr\/wp-content\/uploads\/2014\/10\/en-match.jpg\"><img loading=\"lazy\" class=\"alignnone  wp-image-2017\" src=\"https:\/\/www.mouthiers-sur-boeme.fr\/wp-content\/uploads\/2014\/10\/en-match-300x225.jpg\" alt=\"en match\" width=\"236\" height=\"177\" srcset=\"https:\/\/www.mouthiers-sur-boeme.fr\/wp-content\/uploads\/2014\/10\/en-match-300x225.jpg 300w, https:\/\/www.mouthiers-sur-boeme.fr\/wp-content\/uploads\/2014\/10\/en-match-1024x768.jpg 1024w\" sizes=\"(max-width: 236px) 100vw, 236px\" \/><\/a><a href=\"https:\/\/www.mouthiers-sur-boeme.fr\/wp-content\/uploads\/2014\/10\/en-match3.jpg\"><img loading=\"lazy\" class=\"alignnone  wp-image-2019\" src=\"https:\/\/www.mouthiers-sur-boeme.fr\/wp-content\/uploads\/2014\/10\/en-match3-300x225.jpg\" alt=\"en match3\" width=\"238\" height=\"178\" srcset=\"https:\/\/www.mouthiers-sur-boeme.fr\/wp-content\/uploads\/2014\/10\/en-match3-300x225.jpg 300w, https:\/\/www.mouthiers-sur-boeme.fr\/wp-content\/uploads\/2014\/10\/en-match3-1024x768.jpg 1024w\" sizes=\"(max-width: 238px) 100vw, 238px\" \/><\/a><\/p>\n<p>Depuis d\u00e9but septembre, la cinquantaine de joueurs du club de badminton de Mouthiers-sur-Bo\u00ebme a repris le chemin<br \/>\nde la salle omnisports et de ses 7 cours de double.<\/p>\n<p><!--more--><\/p>\n<p><a href=\"https:\/\/www.mouthiers-sur-boeme.fr\/wp-content\/uploads\/2014\/10\/en-match2.jpg\"><img loading=\"lazy\" class=\"alignnone  wp-image-2018\" src=\"https:\/\/www.mouthiers-sur-boeme.fr\/wp-content\/uploads\/2014\/10\/en-match2-300x246.jpg\" alt=\"en match2\" width=\"223\" height=\"183\" srcset=\"https:\/\/www.mouthiers-sur-boeme.fr\/wp-content\/uploads\/2014\/10\/en-match2-300x246.jpg 300w, https:\/\/www.mouthiers-sur-boeme.fr\/wp-content\/uploads\/2014\/10\/en-match2-1024x840.jpg 1024w\" sizes=\"(max-width: 223px) 100vw, 223px\" \/><\/a><a href=\"https:\/\/www.mouthiers-sur-boeme.fr\/wp-content\/uploads\/2014\/10\/en-match1.jpg\"><img loading=\"lazy\" class=\"alignnone  wp-image-2025\" src=\"https:\/\/www.mouthiers-sur-boeme.fr\/wp-content\/uploads\/2014\/10\/en-match1-300x226.jpg\" alt=\"en match1\" width=\"242\" height=\"182\" srcset=\"https:\/\/www.mouthiers-sur-boeme.fr\/wp-content\/uploads\/2014\/10\/en-match1-300x226.jpg 300w, https:\/\/www.mouthiers-sur-boeme.fr\/wp-content\/uploads\/2014\/10\/en-match1-1024x774.jpg 1024w\" sizes=\"(max-width: 242px) 100vw, 242px\" \/><\/a><br \/>\nDeux fois par semaine, le mardi de 20 h 00 \u00e0 22 h 00 et le jeudi de<br \/>\n19 h 30 \u00e0 22 h 00, les badistes de la Bo\u00ebme se retrouvent autour de Jean-Luc Nompex ( au filet ci-dessous) pour \u00e9changer quelques volants.<\/p>\n<p><a href=\"https:\/\/www.mouthiers-sur-boeme.fr\/wp-content\/uploads\/2014\/10\/jean-luc.jpg\"><img loading=\"lazy\" class=\"alignnone size-medium wp-image-2020\" src=\"https:\/\/www.mouthiers-sur-boeme.fr\/wp-content\/uploads\/2014\/10\/jean-luc-200x300.jpg\" alt=\"jean luc\" width=\"200\" height=\"300\" srcset=\"https:\/\/www.mouthiers-sur-boeme.fr\/wp-content\/uploads\/2014\/10\/jean-luc-200x300.jpg 200w, https:\/\/www.mouthiers-sur-boeme.fr\/wp-content\/uploads\/2014\/10\/jean-luc-685x1024.jpg 685w, https:\/\/www.mouthiers-sur-boeme.fr\/wp-content\/uploads\/2014\/10\/jean-luc.jpg 856w\" sizes=\"(max-width: 200px) 100vw, 200px\" \/><\/a><a href=\"https:\/\/www.mouthiers-sur-boeme.fr\/wp-content\/uploads\/2014\/10\/tintin.jpg\"><img loading=\"lazy\" class=\"alignnone wp-image-2021 size-medium\" src=\"https:\/\/www.mouthiers-sur-boeme.fr\/wp-content\/uploads\/2014\/10\/tintin-231x300.jpg\" alt=\"tintin\" width=\"231\" height=\"300\" srcset=\"https:\/\/www.mouthiers-sur-boeme.fr\/wp-content\/uploads\/2014\/10\/tintin-231x300.jpg 231w, https:\/\/www.mouthiers-sur-boeme.fr\/wp-content\/uploads\/2014\/10\/tintin-790x1024.jpg 790w, https:\/\/www.mouthiers-sur-boeme.fr\/wp-content\/uploads\/2014\/10\/tintin.jpg 1455w\" sizes=\"(max-width: 231px) 100vw, 231px\" \/><\/a><br \/>\nCe sport que l\u2019on peut pratiquer \u00e0 partir de 10 ans, est l\u2019occasion<br \/>\nde se rencontrer pour des matchs amicaux et sportifs, de tous<br \/>\nniveaux.<br \/>\nCette ann\u00e9e encore, vous aurez l\u2019occasion de rencontrer d\u2019autres clubs de Charente pour des soir\u00e9es conviviales et sportives ou des comp\u00e9titions : plusieurs \u00e9quipes\u00a0 concourent dans des matchs en f\u00e9d\u00e9ration.<br \/>\nVenez nous rejoindre, pour 32 \u20ac (en loisir) ou<br \/>\n67 \u20ac ( en FFBAD) + adh\u00e9sion\u00a0 MJC<\/p>\n<p>On fait m\u00eame de la danse contemporaine et des \u00e9tirements &#8230;<\/p>\n<p><a href=\"https:\/\/www.mouthiers-sur-boeme.fr\/wp-content\/uploads\/2014\/10\/vincent.jpg\"><img loading=\"lazy\" class=\"alignnone size-medium wp-image-2022\" src=\"https:\/\/www.mouthiers-sur-boeme.fr\/wp-content\/uploads\/2014\/10\/vincent-237x300.jpg\" alt=\"vincent\" width=\"237\" height=\"300\" srcset=\"https:\/\/www.mouthiers-sur-boeme.fr\/wp-content\/uploads\/2014\/10\/vincent-237x300.jpg 237w, https:\/\/www.mouthiers-sur-boeme.fr\/wp-content\/uploads\/2014\/10\/vincent-811x1024.jpg 811w, https:\/\/www.mouthiers-sur-boeme.fr\/wp-content\/uploads\/2014\/10\/vincent.jpg 1449w\" sizes=\"(max-width: 237px) 100vw, 237px\" \/><\/a><a href=\"https:\/\/www.mouthiers-sur-boeme.fr\/wp-content\/uploads\/2014\/10\/jai-rat\u00e9-le-volant.jpg\"><img loading=\"lazy\" class=\"alignnone size-medium wp-image-2023\" src=\"https:\/\/www.mouthiers-sur-boeme.fr\/wp-content\/uploads\/2014\/10\/jai-rat\u00e9-le-volant-164x300.jpg\" alt=\"j'ai rat\u00e9 le volant\" width=\"164\" height=\"300\" srcset=\"https:\/\/www.mouthiers-sur-boeme.fr\/wp-content\/uploads\/2014\/10\/jai-rat\u00e9-le-volant-164x300.jpg 164w, https:\/\/www.mouthiers-sur-boeme.fr\/wp-content\/uploads\/2014\/10\/jai-rat\u00e9-le-volant-561x1024.jpg 561w, https:\/\/www.mouthiers-sur-boeme.fr\/wp-content\/uploads\/2014\/10\/jai-rat\u00e9-le-volant.jpg 620w\" sizes=\"(max-width: 164px) 100vw, 164px\" \/><\/a><\/p>\n<p>A bient\u00f4t sur les cours.<\/p>\n<p>( photos de F.NO\u00cbL )<\/p>\n","protected":false},"excerpt":{"rendered":"<p>Depuis d\u00e9but septembre, la cinquantaine de joueurs du club de badminton de Mouthiers-sur-Bo\u00ebme a repris le chemin de la salle omnisports et de ses 7 cours de double.<\/p>\n","protected":false},"author":22,"featured_media":0,"comment_status":"open","ping_status":"open","sticky":false,"template":"","format":"standard","meta":[],"categories":[7],"tags":[],"_links":{"self":[{"href":"https:\/\/www.mouthiers-sur-boeme.fr\/index.php?rest_route=\/wp\/v2\/posts\/2016"}],"collection":[{"href":"https:\/\/www.mouthiers-sur-boeme.fr\/index.php?rest_route=\/wp\/v2\/posts"}],"about":[{"href":"https:\/\/www.mouthiers-sur-boeme.fr\/index.php?rest_route=\/wp\/v2\/types\/post"}],"author":[{"embeddable":true,"href":"https:\/\/www.mouthiers-sur-boeme.fr\/index.php?rest_route=\/wp\/v2\/users\/22"}],"replies":[{"embeddable":true,"href":"https:\/\/www.mouthiers-sur-boeme.fr\/index.php?rest_route=%2Fwp%2Fv2%2Fcomments&post=2016"}],"version-history":[{"count":15,"href":"https:\/\/www.mouthiers-sur-boeme.fr\/index.php?rest_route=\/wp\/v2\/posts\/2016\/revisions"}],"predecessor-version":[{"id":2135,"href":"https:\/\/www.mouthiers-sur-boeme.fr\/index.php?rest_route=\/wp\/v2\/posts\/2016\/revisions\/2135"}],"wp:attachment":[{"href":"https:\/\/www.mouthiers-sur-boeme.fr\/index.php?rest_route=%2Fwp%2Fv2%2Fmedia&parent=2016"}],"wp:term":[{"taxonomy":"category","embeddable":true,"href":"https:\/\/www.mouthiers-sur-boeme.fr\/index.php?rest_route=%2Fwp%2Fv2%2Fcategories&post=2016"},{"taxonomy":"post_tag","embeddable":true,"href":"https:\/\/www.mouthiers-sur-boeme.fr\/index.php?rest_route=%2Fwp%2Fv2%2Ftags&post=2016"}],"curies":[{"name":"wp","href":"https:\/\/api.w.org\/{rel}","templated":true}]}}