{"id":2039,"date":"2014-10-12T16:17:40","date_gmt":"2014-10-12T15:17:40","guid":{"rendered":"https:\/\/www.mouthiers-sur-boeme.fr\/?p=2039"},"modified":"2015-01-14T14:28:02","modified_gmt":"2015-01-14T13:28:02","slug":"mouthiers-sur-boeme-au-rythme-africain","status":"publish","type":"post","link":"https:\/\/www.mouthiers-sur-boeme.fr\/?p=2039","title":{"rendered":"Mouthiers sur Bo\u00ebme au rythme africain"},"content":{"rendered":"<figure id=\"attachment_2040\" aria-describedby=\"caption-attachment-2040\" style=\"width: 300px\" class=\"wp-caption alignleft\"><a href=\"https:\/\/www.mouthiers-sur-boeme.fr\/wp-content\/uploads\/2014\/10\/1.jpg\"><img loading=\"lazy\" class=\"wp-image-2040 size-medium\" src=\"https:\/\/www.mouthiers-sur-boeme.fr\/wp-content\/uploads\/2014\/10\/1-300x199.jpg\" alt=\"1Emilie Falk - M\u00e9diatrice au Mus\u00e9e d'Angoul\u00eame (poids Akan)\" width=\"300\" height=\"199\" srcset=\"https:\/\/www.mouthiers-sur-boeme.fr\/wp-content\/uploads\/2014\/10\/1-300x199.jpg 300w, https:\/\/www.mouthiers-sur-boeme.fr\/wp-content\/uploads\/2014\/10\/1.jpg 1024w\" sizes=\"(max-width: 300px) 100vw, 300px\" \/><\/a><figcaption id=\"caption-attachment-2040\" class=\"wp-caption-text\">Emilie Falk &#8211; M\u00e9diatrice au Mus\u00e9e d&rsquo;Angoul\u00eame (poids Akan)<\/figcaption><\/figure>\n<figure id=\"attachment_2041\" aria-describedby=\"caption-attachment-2041\" style=\"width: 300px\" class=\"wp-caption alignleft\"><a href=\"https:\/\/www.mouthiers-sur-boeme.fr\/wp-content\/uploads\/2014\/10\/7.jpg\"><img loading=\"lazy\" class=\"wp-image-2041 size-medium\" src=\"https:\/\/www.mouthiers-sur-boeme.fr\/wp-content\/uploads\/2014\/10\/7-300x197.jpg\" alt=\"Association BadenyaTon (March\u00e9 africain)\" width=\"300\" height=\"197\" srcset=\"https:\/\/www.mouthiers-sur-boeme.fr\/wp-content\/uploads\/2014\/10\/7-300x197.jpg 300w, https:\/\/www.mouthiers-sur-boeme.fr\/wp-content\/uploads\/2014\/10\/7.jpg 1024w\" sizes=\"(max-width: 300px) 100vw, 300px\" \/><\/a><figcaption id=\"caption-attachment-2041\" class=\"wp-caption-text\">Association BadenyaTon (March\u00e9 africain)<\/figcaption><\/figure>\n<figure id=\"attachment_2042\" aria-describedby=\"caption-attachment-2042\" style=\"width: 300px\" class=\"wp-caption alignleft\"><a href=\"https:\/\/www.mouthiers-sur-boeme.fr\/wp-content\/uploads\/2014\/10\/9.jpg\"><img loading=\"lazy\" class=\"wp-image-2042 size-medium\" src=\"https:\/\/www.mouthiers-sur-boeme.fr\/wp-content\/uploads\/2014\/10\/9-300x195.jpg\" alt=\"Association Kambavenir (march\u00e9 africain)\" width=\"300\" height=\"195\" srcset=\"https:\/\/www.mouthiers-sur-boeme.fr\/wp-content\/uploads\/2014\/10\/9-300x195.jpg 300w, https:\/\/www.mouthiers-sur-boeme.fr\/wp-content\/uploads\/2014\/10\/9.jpg 1024w\" sizes=\"(max-width: 300px) 100vw, 300px\" \/><\/a><figcaption id=\"caption-attachment-2042\" class=\"wp-caption-text\">Association Kambavenir (march\u00e9 africain)<\/figcaption><\/figure>\n<figure id=\"attachment_2043\" aria-describedby=\"caption-attachment-2043\" style=\"width: 300px\" class=\"wp-caption alignleft\"><a href=\"https:\/\/www.mouthiers-sur-boeme.fr\/wp-content\/uploads\/2014\/10\/12.jpg\"><img loading=\"lazy\" class=\"wp-image-2043 size-medium\" src=\"https:\/\/www.mouthiers-sur-boeme.fr\/wp-content\/uploads\/2014\/10\/12-300x188.jpg\" alt=\"Caroline Desno\u00ebttes (atelier m\u00e9diath\u00e8que)\" width=\"300\" height=\"188\" srcset=\"https:\/\/www.mouthiers-sur-boeme.fr\/wp-content\/uploads\/2014\/10\/12-300x188.jpg 300w, https:\/\/www.mouthiers-sur-boeme.fr\/wp-content\/uploads\/2014\/10\/12.jpg 1024w\" sizes=\"(max-width: 300px) 100vw, 300px\" \/><\/a><figcaption id=\"caption-attachment-2043\" class=\"wp-caption-text\">Caroline Desno\u00ebttes (atelier m\u00e9diath\u00e8que)<\/figcaption><\/figure>\n<figure id=\"attachment_2044\" aria-describedby=\"caption-attachment-2044\" style=\"width: 300px\" class=\"wp-caption alignnone\"><a href=\"https:\/\/www.mouthiers-sur-boeme.fr\/wp-content\/uploads\/2014\/10\/Conteur-1-oct-14KOAMI.jpg\"><img loading=\"lazy\" class=\"wp-image-2044 size-medium\" src=\"https:\/\/www.mouthiers-sur-boeme.fr\/wp-content\/uploads\/2014\/10\/Conteur-1-oct-14KOAMI-300x195.jpg\" alt=\"Koami Vignon (MJC samedi soir)\" width=\"300\" height=\"195\" srcset=\"https:\/\/www.mouthiers-sur-boeme.fr\/wp-content\/uploads\/2014\/10\/Conteur-1-oct-14KOAMI-300x195.jpg 300w, https:\/\/www.mouthiers-sur-boeme.fr\/wp-content\/uploads\/2014\/10\/Conteur-1-oct-14KOAMI.jpg 1024w\" sizes=\"(max-width: 300px) 100vw, 300px\" \/><\/a><figcaption id=\"caption-attachment-2044\" class=\"wp-caption-text\">Koami Vignon (MJC samedi soir)<\/figcaption><\/figure>\n<p>Au fil du conte, Koami Vignon Caroline Desno\u00ebttes, la M\u00e9diath\u00e8que de Mouthiers sur Bo\u00ebme et le Service D\u00e9partemental de la Lecture, tous ont\u00a0 contribu\u00e9 \u00e0 cette semaine folle &#8230;<\/p>\n<p><!--more--><\/p>\n<p>La semaine du 06 au 11 octobre 2014 a \u00e9t\u00e9 pleine de soleil, d&rsquo;odeurs venues d&rsquo;ailleurs ; de l&rsquo;Afrique bien-s\u00fbr.\u00a0 Koami Vignon avec ces ateliers \u00e0 l&rsquo;\u00e9cole de Mouthiers mardi 07 octobre. Jeudi et vendredi c&rsquo;est Caroline Desno\u00ebttes qui est arriv\u00e9e \u00e0 Mouthiers avec une \u00e9norme valise pleine d&rsquo;objets venus de divers pays d&rsquo;Afrique.<\/p>\n<p>Elle s&rsquo;est install\u00e9e parmi nous a ouvert sa valise avec son univers et son livre \u00ab\u00a0Tam Tam couleurs\u00a0\u00bb qui nous a transport\u00e9 petits et grands dans un voyage au c\u00f4t\u00e9 de grand-p\u00e8re Moussa et sa petite fille Fatou.<\/p>\n<p>Elle a travaill\u00e9 elle aussi sur plusieurs ateliers \u00e0 l&rsquo;\u00e9cole primaire et maternelle de Mouthiers. Son p\u00e9riple s&rsquo;est arr\u00eat\u00e9 \u00e0 la M\u00e9diath\u00e8que avec son exposition, inaugur\u00e9 vendredi soir (visible jusqu&rsquo;au 31 octobre 2014). Le mus\u00e9e d&rsquo;Angoul\u00eame est sorti de ses murs pour la pr\u00e9sentation d&rsquo;une collection de poids Akan pr\u00e9sent\u00e9e par Emilie Falk m\u00e9diatrice.<\/p>\n<p>Samedi matin de 10 h \u00e0 13 h, sur le parvis de la m\u00e9diath\u00e8que le soleil malgr\u00e9 le brouillon a jou\u00e9 \u00e0 cache cache mais il est arriv\u00e9 pour sourire au march\u00e9 africain propos\u00e9 par deux associations Kambavenir et Badenyaton, l&rsquo;atelier de percussion de Barnab\u00e9 Koala a rythm\u00e9 cette matin\u00e9e. Caroline Desno\u00ebttes a investi le premier \u00e9tage de la m\u00e9diath\u00e8que avec ces histoires et ces objets.<\/p>\n<p>Samedi soir Koami Vignon a cl\u00f4tur\u00e9 cette journ\u00e9e \u00e0 la MJC avec ces histoires \u00ab\u00a0Makoul\u00e9l\u00e9 le coiffeur et autres petits contes\u00a0\u00bb les petits contes de la savane.<\/p>\n<p>Merci \u00e0 toutes et tous.<\/p>\n","protected":false},"excerpt":{"rendered":"<p>Au fil du conte, Koami Vignon Caroline Desno\u00ebttes, la M\u00e9diath\u00e8que de Mouthiers sur Bo\u00ebme et le Service D\u00e9partemental de la Lecture, tous ont\u00a0 contribu\u00e9 \u00e0 cette semaine folle &#8230;<\/p>\n","protected":false},"author":22,"featured_media":0,"comment_status":"open","ping_status":"open","sticky":false,"template":"","format":"standard","meta":[],"categories":[12],"tags":[],"_links":{"self":[{"href":"https:\/\/www.mouthiers-sur-boeme.fr\/index.php?rest_route=\/wp\/v2\/posts\/2039"}],"collection":[{"href":"https:\/\/www.mouthiers-sur-boeme.fr\/index.php?rest_route=\/wp\/v2\/posts"}],"about":[{"href":"https:\/\/www.mouthiers-sur-boeme.fr\/index.php?rest_route=\/wp\/v2\/types\/post"}],"author":[{"embeddable":true,"href":"https:\/\/www.mouthiers-sur-boeme.fr\/index.php?rest_route=\/wp\/v2\/users\/22"}],"replies":[{"embeddable":true,"href":"https:\/\/www.mouthiers-sur-boeme.fr\/index.php?rest_route=%2Fwp%2Fv2%2Fcomments&post=2039"}],"version-history":[{"count":1,"href":"https:\/\/www.mouthiers-sur-boeme.fr\/index.php?rest_route=\/wp\/v2\/posts\/2039\/revisions"}],"predecessor-version":[{"id":2045,"href":"https:\/\/www.mouthiers-sur-boeme.fr\/index.php?rest_route=\/wp\/v2\/posts\/2039\/revisions\/2045"}],"wp:attachment":[{"href":"https:\/\/www.mouthiers-sur-boeme.fr\/index.php?rest_route=%2Fwp%2Fv2%2Fmedia&parent=2039"}],"wp:term":[{"taxonomy":"category","embeddable":true,"href":"https:\/\/www.mouthiers-sur-boeme.fr\/index.php?rest_route=%2Fwp%2Fv2%2Fcategories&post=2039"},{"taxonomy":"post_tag","embeddable":true,"href":"https:\/\/www.mouthiers-sur-boeme.fr\/index.php?rest_route=%2Fwp%2Fv2%2Ftags&post=2039"}],"curies":[{"name":"wp","href":"https:\/\/api.w.org\/{rel}","templated":true}]}}