{"id":2054,"date":"2014-10-21T07:13:47","date_gmt":"2014-10-21T06:13:47","guid":{"rendered":"https:\/\/www.mouthiers-sur-boeme.fr\/?p=2054"},"modified":"2014-10-21T07:13:47","modified_gmt":"2014-10-21T06:13:47","slug":"le-monument-du-mois-dimanche-19-octobre-mouthiers-sur-boeme","status":"publish","type":"post","link":"https:\/\/www.mouthiers-sur-boeme.fr\/?p=2054","title":{"rendered":"Le monument du mois &#8211; dimanche 19 octobre Mouthiers sur Bo\u00ebme"},"content":{"rendered":"<p>Dimanche 19 octobre 2014. Le soleil est l\u00e0 et vers 14 h 30 on voit arriver des passants qui s&rsquo;installent autour de l&rsquo;\u00e9glise. <!--more--><\/p>\n<figure id=\"attachment_2056\" aria-describedby=\"caption-attachment-2056\" style=\"width: 198px\" class=\"wp-caption aligncenter\"><a href=\"https:\/\/www.mouthiers-sur-boeme.fr\/wp-content\/uploads\/2014\/10\/2014-10-19-15.57.05mois.jpg\"><img loading=\"lazy\" class=\"wp-image-2056 size-medium\" src=\"https:\/\/www.mouthiers-sur-boeme.fr\/wp-content\/uploads\/2014\/10\/2014-10-19-15.57.05mois-198x300.jpg\" alt=\"Un dimanche apr\u00e8s-midi \u00e0 Mouthiers sur Bo\u00ebme\" width=\"198\" height=\"300\" srcset=\"https:\/\/www.mouthiers-sur-boeme.fr\/wp-content\/uploads\/2014\/10\/2014-10-19-15.57.05mois-198x300.jpg 198w, https:\/\/www.mouthiers-sur-boeme.fr\/wp-content\/uploads\/2014\/10\/2014-10-19-15.57.05mois-679x1024.jpg 679w, https:\/\/www.mouthiers-sur-boeme.fr\/wp-content\/uploads\/2014\/10\/2014-10-19-15.57.05mois.jpg 1496w\" sizes=\"(max-width: 198px) 100vw, 198px\" \/><\/a><figcaption id=\"caption-attachment-2056\" class=\"wp-caption-text\">Un dimanche apr\u00e8s-midi \u00e0 Mouthiers sur Bo\u00ebme<\/figcaption><\/figure>\n<figure id=\"attachment_2055\" aria-describedby=\"caption-attachment-2055\" style=\"width: 198px\" class=\"wp-caption aligncenter\"><a href=\"https:\/\/www.mouthiers-sur-boeme.fr\/wp-content\/uploads\/2014\/10\/2014-10-19-15.57.33mois.jpg\"><img loading=\"lazy\" class=\"wp-image-2055 size-medium\" src=\"https:\/\/www.mouthiers-sur-boeme.fr\/wp-content\/uploads\/2014\/10\/2014-10-19-15.57.33mois-198x300.jpg\" alt=\"R\u00e9flexion et imagination - 19 octobre 2014\" width=\"198\" height=\"300\" srcset=\"https:\/\/www.mouthiers-sur-boeme.fr\/wp-content\/uploads\/2014\/10\/2014-10-19-15.57.33mois-198x300.jpg 198w, https:\/\/www.mouthiers-sur-boeme.fr\/wp-content\/uploads\/2014\/10\/2014-10-19-15.57.33mois-679x1024.jpg 679w, https:\/\/www.mouthiers-sur-boeme.fr\/wp-content\/uploads\/2014\/10\/2014-10-19-15.57.33mois.jpg 1496w\" sizes=\"(max-width: 198px) 100vw, 198px\" \/><\/a><figcaption id=\"caption-attachment-2055\" class=\"wp-caption-text\">R\u00e9flexion et imagination &#8211; 19 octobre 2014<\/figcaption><\/figure>\n<figure id=\"attachment_2057\" aria-describedby=\"caption-attachment-2057\" style=\"width: 300px\" class=\"wp-caption aligncenter\"><a href=\"https:\/\/www.mouthiers-sur-boeme.fr\/wp-content\/uploads\/2014\/10\/2014-10-19-15.55.36mois.jpg\"><img loading=\"lazy\" class=\"wp-image-2057 size-medium\" src=\"https:\/\/www.mouthiers-sur-boeme.fr\/wp-content\/uploads\/2014\/10\/2014-10-19-15.55.36mois-300x198.jpg\" alt=\"Jeunes et moins jeunes - moment de partage\" width=\"300\" height=\"198\" srcset=\"https:\/\/www.mouthiers-sur-boeme.fr\/wp-content\/uploads\/2014\/10\/2014-10-19-15.55.36mois-300x198.jpg 300w, https:\/\/www.mouthiers-sur-boeme.fr\/wp-content\/uploads\/2014\/10\/2014-10-19-15.55.36mois-1024x679.jpg 1024w\" sizes=\"(max-width: 300px) 100vw, 300px\" \/><\/a><figcaption id=\"caption-attachment-2057\" class=\"wp-caption-text\">Jeunes et moins jeunes &#8211; moment de partage<\/figcaption><\/figure>\n<p>Certains attendent avec impatience l&rsquo;heure d&rsquo;aller visiter l&rsquo;\u00e9glise, les lavoirs et la papeterie de Mouthiers sur Bo\u00ebme en compagnie de notre guide de Via Patrimoine Christine Olmer ; d&rsquo;autres observent, visitent l&rsquo;\u00e9glise crayon et feuille \u00e0 la main l&rsquo;objet, le personnage qu&rsquo;ils vont fa\u00e7onner sur leur pierre avec Olivier Laffort\u00a0 &#8211; tailleur de pierre qui va leur montrer comment faire vivre leur sculpture sous leurs mains.\u00a0 Moment de partage \u00e0 l&rsquo;ombre de l&rsquo;\u00e9glise nous avons \u00e9t\u00e9 plus d&rsquo;une centaine \u00e0 participer \u00e0 ces deux ateliers. Petits et grands, jeunes et moins jeunes se sont retrouv\u00e9s pour leur plus grand plaisir. Le monument du mois se termine sur le week-end du 24 &#8211; 25\u00a0 &#8211; 26 octobre. Vendredi 24 au soir visite \u00e0 la torche \u00e9glise de Plassac. Samedi apr\u00e8s-midi Voulg\u00e9zac re\u00e7oit le tailleur de pierre et fera visiter le bourg du village ; enfin Claix dimanche apr\u00e8s-midi propose une ballade sur les meuli\u00e8res.<\/p>\n","protected":false},"excerpt":{"rendered":"<p>Dimanche 19 octobre 2014. Le soleil est l\u00e0 et vers 14 h 30 on voit arriver des passants qui s&rsquo;installent autour de l&rsquo;\u00e9glise.<\/p>\n","protected":false},"author":22,"featured_media":0,"comment_status":"open","ping_status":"open","sticky":false,"template":"","format":"standard","meta":[],"categories":[12],"tags":[],"_links":{"self":[{"href":"https:\/\/www.mouthiers-sur-boeme.fr\/index.php?rest_route=\/wp\/v2\/posts\/2054"}],"collection":[{"href":"https:\/\/www.mouthiers-sur-boeme.fr\/index.php?rest_route=\/wp\/v2\/posts"}],"about":[{"href":"https:\/\/www.mouthiers-sur-boeme.fr\/index.php?rest_route=\/wp\/v2\/types\/post"}],"author":[{"embeddable":true,"href":"https:\/\/www.mouthiers-sur-boeme.fr\/index.php?rest_route=\/wp\/v2\/users\/22"}],"replies":[{"embeddable":true,"href":"https:\/\/www.mouthiers-sur-boeme.fr\/index.php?rest_route=%2Fwp%2Fv2%2Fcomments&post=2054"}],"version-history":[{"count":1,"href":"https:\/\/www.mouthiers-sur-boeme.fr\/index.php?rest_route=\/wp\/v2\/posts\/2054\/revisions"}],"predecessor-version":[{"id":2058,"href":"https:\/\/www.mouthiers-sur-boeme.fr\/index.php?rest_route=\/wp\/v2\/posts\/2054\/revisions\/2058"}],"wp:attachment":[{"href":"https:\/\/www.mouthiers-sur-boeme.fr\/index.php?rest_route=%2Fwp%2Fv2%2Fmedia&parent=2054"}],"wp:term":[{"taxonomy":"category","embeddable":true,"href":"https:\/\/www.mouthiers-sur-boeme.fr\/index.php?rest_route=%2Fwp%2Fv2%2Fcategories&post=2054"},{"taxonomy":"post_tag","embeddable":true,"href":"https:\/\/www.mouthiers-sur-boeme.fr\/index.php?rest_route=%2Fwp%2Fv2%2Ftags&post=2054"}],"curies":[{"name":"wp","href":"https:\/\/api.w.org\/{rel}","templated":true}]}}