{"id":2088,"date":"2014-10-28T17:13:44","date_gmt":"2014-10-28T16:13:44","guid":{"rendered":"https:\/\/www.mouthiers-sur-boeme.fr\/?p=2088"},"modified":"2015-02-27T00:48:31","modified_gmt":"2015-02-26T23:48:31","slug":"quand-les-jeunes-tiennent-conseil","status":"publish","type":"post","link":"https:\/\/www.mouthiers-sur-boeme.fr\/?p=2088","title":{"rendered":"Quand les Jeunes tiennent conseil"},"content":{"rendered":"<p><a href=\"https:\/\/www.mouthiers-sur-boeme.fr\/wp-content\/uploads\/2014\/10\/chevaux2-rduite.jpg\"><img loading=\"lazy\" class=\"alignleft wp-image-2089 size-medium\" src=\"https:\/\/www.mouthiers-sur-boeme.fr\/wp-content\/uploads\/2014\/10\/chevaux2-rduite-216x300.jpg\" alt=\"chevaux2 rduite\" width=\"216\" height=\"300\" srcset=\"https:\/\/www.mouthiers-sur-boeme.fr\/wp-content\/uploads\/2014\/10\/chevaux2-rduite-216x300.jpg 216w, https:\/\/www.mouthiers-sur-boeme.fr\/wp-content\/uploads\/2014\/10\/chevaux2-rduite.jpg 606w\" sizes=\"(max-width: 216px) 100vw, 216px\" \/><\/a><\/p>\n<p>La commune va bient\u00f4t disposer d&rsquo;une nouvelle instance\u00a0: le Conseil Municipal des Jeunes. En initiant la cr\u00e9ation de cette future assembl\u00e9e, le conseil municipal souhaitait atteindre plusieurs objectifs.<\/p>\n<p>Tout d&rsquo;abord, nos jeunes<!--more--> vont vivre un premier apprentissage authentique de la citoyennet\u00e9. Ils ont \u00e9t\u00e9 invit\u00e9s \u00e0 s&rsquo;inscrire pour constituer les listes \u00e9lectorales. Une carte d\u2019\u00e9lecteur va leur \u00eatre adress\u00e9e afin qu&rsquo;ils puissent voter pour d\u00e9signer leurs repr\u00e9sentants lors du scrutin qui se d\u00e9roulera \u00e0 la mairie le samedi 6 d\u00e9cembre.<\/p>\n<p>Ensuite, nos jeunes vont rencontrer et travailler avec les adultes \u00e9lus. Ainsi, le mercredi 15 octobre, les \u00e9l\u00e8ves de l&rsquo;\u00e9cole ont-ils pu discuter avec Michel Carteret et deux de ses adjoints. Les \u00e9changes ont \u00e9t\u00e9 riches et ont port\u00e9 sur l&rsquo;organisation des instances d\u00e9mocratiques, les personnes qui y sont \u00e9lues et aussi sur les mani\u00e8res de faire entendre sa voix.<\/p>\n<figure id=\"attachment_2091\" aria-describedby=\"caption-attachment-2091\" style=\"width: 1004px\" class=\"wp-caption aligncenter\"><a href=\"https:\/\/www.mouthiers-sur-boeme.fr\/wp-content\/uploads\/2014\/10\/flout\u00e9er\u00e9duite.jpg\"><img loading=\"lazy\" class=\"wp-image-2091 size-full\" src=\"https:\/\/www.mouthiers-sur-boeme.fr\/wp-content\/uploads\/2014\/10\/flout\u00e9er\u00e9duite.jpg\" alt=\"flout\u00e9er\u00e9duite\" width=\"1004\" height=\"461\" srcset=\"https:\/\/www.mouthiers-sur-boeme.fr\/wp-content\/uploads\/2014\/10\/flout\u00e9er\u00e9duite.jpg 1004w, https:\/\/www.mouthiers-sur-boeme.fr\/wp-content\/uploads\/2014\/10\/flout\u00e9er\u00e9duite-300x137.jpg 300w\" sizes=\"(max-width: 1004px) 100vw, 1004px\" \/><\/a><figcaption id=\"caption-attachment-2091\" class=\"wp-caption-text\">R\u00e9unis \u00e0 la MJC, les \u00e9l\u00e8ves de cycle 3 ont pu discuter avec Michel Carteret. H. Porte<\/figcaption><\/figure>\n<p>Les jeunes qui seront \u00e9lus vont aussi d\u00e9couvrir la mani\u00e8re dont les projets prennent corps, comment une prise de d\u00e9cision na\u00eet de l&rsquo;\u00e9coute des diff\u00e9rents points de vue et de la prise en compte des contraintes locales. Ils apprendront ensuite \u00e0 accompagner leurs r\u00e9alisations et \u00e0 les faire conna\u00eetre.<\/p>\n<p>De cet exercice authentique de la d\u00e9mocratie, nos jeunes, esp\u00e9rons-le, garderont la conviction que c&rsquo;est l\u2019expression de tous qui mod\u00e8le nos environnements. N&rsquo;est-ce pas l\u00e0 un des moyens de lutter contre la crise actuelle de la repr\u00e9sentativit\u00e9 des \u00e9lus\u00a0?<\/p>\n","protected":false},"excerpt":{"rendered":"<p>La commune va bient\u00f4t disposer d&rsquo;une nouvelle instance\u00a0: le Conseil Municipal des Jeunes. En initiant la cr\u00e9ation de cette future assembl\u00e9e, le conseil municipal souhaitait atteindre plusieurs objectifs. Tout d&rsquo;abord, nos jeunes<\/p>\n","protected":false},"author":22,"featured_media":2120,"comment_status":"open","ping_status":"open","sticky":false,"template":"","format":"standard","meta":[],"categories":[30,13],"tags":[24,25],"_links":{"self":[{"href":"https:\/\/www.mouthiers-sur-boeme.fr\/index.php?rest_route=\/wp\/v2\/posts\/2088"}],"collection":[{"href":"https:\/\/www.mouthiers-sur-boeme.fr\/index.php?rest_route=\/wp\/v2\/posts"}],"about":[{"href":"https:\/\/www.mouthiers-sur-boeme.fr\/index.php?rest_route=\/wp\/v2\/types\/post"}],"author":[{"embeddable":true,"href":"https:\/\/www.mouthiers-sur-boeme.fr\/index.php?rest_route=\/wp\/v2\/users\/22"}],"replies":[{"embeddable":true,"href":"https:\/\/www.mouthiers-sur-boeme.fr\/index.php?rest_route=%2Fwp%2Fv2%2Fcomments&post=2088"}],"version-history":[{"count":4,"href":"https:\/\/www.mouthiers-sur-boeme.fr\/index.php?rest_route=\/wp\/v2\/posts\/2088\/revisions"}],"predecessor-version":[{"id":2117,"href":"https:\/\/www.mouthiers-sur-boeme.fr\/index.php?rest_route=\/wp\/v2\/posts\/2088\/revisions\/2117"}],"wp:featuredmedia":[{"embeddable":true,"href":"https:\/\/www.mouthiers-sur-boeme.fr\/index.php?rest_route=\/wp\/v2\/media\/2120"}],"wp:attachment":[{"href":"https:\/\/www.mouthiers-sur-boeme.fr\/index.php?rest_route=%2Fwp%2Fv2%2Fmedia&parent=2088"}],"wp:term":[{"taxonomy":"category","embeddable":true,"href":"https:\/\/www.mouthiers-sur-boeme.fr\/index.php?rest_route=%2Fwp%2Fv2%2Fcategories&post=2088"},{"taxonomy":"post_tag","embeddable":true,"href":"https:\/\/www.mouthiers-sur-boeme.fr\/index.php?rest_route=%2Fwp%2Fv2%2Ftags&post=2088"}],"curies":[{"name":"wp","href":"https:\/\/api.w.org\/{rel}","templated":true}]}}