{"id":2098,"date":"2014-10-28T18:12:57","date_gmt":"2014-10-28T17:12:57","guid":{"rendered":"https:\/\/www.mouthiers-sur-boeme.fr\/?p=2098"},"modified":"2014-10-29T10:20:25","modified_gmt":"2014-10-29T09:20:25","slug":"concours-lire-en-fete","status":"publish","type":"post","link":"https:\/\/www.mouthiers-sur-boeme.fr\/?p=2098","title":{"rendered":"Concours Lire en F\u00eate"},"content":{"rendered":"<p>Jusqu&rsquo;au 8 novembre, les \u00e9coliers de la commune sont appel\u00e9s \u00e0 participer au concours Lire en F\u00eate sur le th\u00e8me de l&rsquo;Afrique.<\/p>\n<p>Tous gagnants !<\/p>\n<p>Comme chaque ann\u00e9e,<!--more--> il n&rsquo;y aura que des gagnants. En effet, le 5 d\u00e9cembre, chaque enfant ayant pris part au concours recevra un cadeau offert par la m\u00e9diath\u00e8que. Lors de cette remise des prix, les enfants pr\u00e9senteront leurs r\u00e9alisations. Ce travail men\u00e9 avec leur enseignant fera suite \u00e0 la visite de l&rsquo;exposition de Caroline DESNO\u00cbTTES pr\u00e9sent\u00e9e \u00e0 la m\u00e9diath\u00e8que.<\/p>\n<figure id=\"attachment_2099\" aria-describedby=\"caption-attachment-2099\" style=\"width: 514px\" class=\"wp-caption aligncenter\"><a href=\"https:\/\/www.mouthiers-sur-boeme.fr\/wp-content\/uploads\/2014\/10\/r\u00e9duite.jpg\"><img loading=\"lazy\" class=\"wp-image-2099 size-full\" src=\"https:\/\/www.mouthiers-sur-boeme.fr\/wp-content\/uploads\/2014\/10\/r\u00e9duite.jpg\" alt=\"r\u00e9duite\" width=\"514\" height=\"912\" srcset=\"https:\/\/www.mouthiers-sur-boeme.fr\/wp-content\/uploads\/2014\/10\/r\u00e9duite.jpg 514w, https:\/\/www.mouthiers-sur-boeme.fr\/wp-content\/uploads\/2014\/10\/r\u00e9duite-169x300.jpg 169w\" sizes=\"(max-width: 514px) 100vw, 514px\" \/><\/a><figcaption id=\"caption-attachment-2099\" class=\"wp-caption-text\">7 familles se pressaient mardi matin pour r\u00e9pondre au questionnaire imagin\u00e9 par C\u00e9cile. H. Porte<\/figcaption><\/figure>\n<p>&nbsp;<\/p>\n","protected":false},"excerpt":{"rendered":"<p>Jusqu&rsquo;au 8 novembre, les \u00e9coliers de la commune sont appel\u00e9s \u00e0 participer au concours Lire en F\u00eate sur le th\u00e8me de l&rsquo;Afrique. Tous gagnants ! Comme chaque ann\u00e9e,<\/p>\n","protected":false},"author":22,"featured_media":2101,"comment_status":"open","ping_status":"open","sticky":false,"template":"","format":"standard","meta":[],"categories":[20],"tags":[27],"_links":{"self":[{"href":"https:\/\/www.mouthiers-sur-boeme.fr\/index.php?rest_route=\/wp\/v2\/posts\/2098"}],"collection":[{"href":"https:\/\/www.mouthiers-sur-boeme.fr\/index.php?rest_route=\/wp\/v2\/posts"}],"about":[{"href":"https:\/\/www.mouthiers-sur-boeme.fr\/index.php?rest_route=\/wp\/v2\/types\/post"}],"author":[{"embeddable":true,"href":"https:\/\/www.mouthiers-sur-boeme.fr\/index.php?rest_route=\/wp\/v2\/users\/22"}],"replies":[{"embeddable":true,"href":"https:\/\/www.mouthiers-sur-boeme.fr\/index.php?rest_route=%2Fwp%2Fv2%2Fcomments&post=2098"}],"version-history":[{"count":4,"href":"https:\/\/www.mouthiers-sur-boeme.fr\/index.php?rest_route=\/wp\/v2\/posts\/2098\/revisions"}],"predecessor-version":[{"id":2115,"href":"https:\/\/www.mouthiers-sur-boeme.fr\/index.php?rest_route=\/wp\/v2\/posts\/2098\/revisions\/2115"}],"wp:featuredmedia":[{"embeddable":true,"href":"https:\/\/www.mouthiers-sur-boeme.fr\/index.php?rest_route=\/wp\/v2\/media\/2101"}],"wp:attachment":[{"href":"https:\/\/www.mouthiers-sur-boeme.fr\/index.php?rest_route=%2Fwp%2Fv2%2Fmedia&parent=2098"}],"wp:term":[{"taxonomy":"category","embeddable":true,"href":"https:\/\/www.mouthiers-sur-boeme.fr\/index.php?rest_route=%2Fwp%2Fv2%2Fcategories&post=2098"},{"taxonomy":"post_tag","embeddable":true,"href":"https:\/\/www.mouthiers-sur-boeme.fr\/index.php?rest_route=%2Fwp%2Fv2%2Ftags&post=2098"}],"curies":[{"name":"wp","href":"https:\/\/api.w.org\/{rel}","templated":true}]}}