{"id":2138,"date":"2014-11-20T23:54:24","date_gmt":"2014-11-20T22:54:24","guid":{"rendered":"https:\/\/www.mouthiers-sur-boeme.fr\/?p=2138"},"modified":"2014-11-25T11:50:51","modified_gmt":"2014-11-25T10:50:51","slug":"championnat-departemental-individuel-de-grs","status":"publish","type":"post","link":"https:\/\/www.mouthiers-sur-boeme.fr\/?p=2138","title":{"rendered":"Championnat d\u00e9partemental individuel de GRS"},"content":{"rendered":"<p><em>\u00a0Dimanche 16 novembre , les gymnastes du club de GRS de Mouthiers sont all\u00e9es au <\/em>CHAMPIONNAT INDIVIDUEL INTER D\u00c9PARTEMENTAL UFOLEP\u00a0 <em>\u00e0 La Souterraine dans la Creuse, afin de se qualifier pour le CHAMPIONNAT INDIVIDUEL INTER R\u00c9GIONAL, derni\u00e8re porte avant les championnats de France.\u00a0 <a href=\"https:\/\/www.mouthiers-sur-boeme.fr\/wp-content\/uploads\/2014\/11\/sout7.jpg\"><img loading=\"lazy\" class=\"wp-image-2145 alignleft\" src=\"https:\/\/www.mouthiers-sur-boeme.fr\/wp-content\/uploads\/2014\/11\/sout7-300x277.jpg\" alt=\"sout7\" width=\"221\" height=\"204\" srcset=\"https:\/\/www.mouthiers-sur-boeme.fr\/wp-content\/uploads\/2014\/11\/sout7-300x277.jpg 300w, https:\/\/www.mouthiers-sur-boeme.fr\/wp-content\/uploads\/2014\/11\/sout7.jpg 733w\" sizes=\"(max-width: 221px) 100vw, 221px\" \/><\/a><\/em><\/p>\n<p>&nbsp;<\/p>\n<p>&nbsp;<\/p>\n<p>&nbsp;<\/p>\n<p>Ma\u00ebliss, en action<\/p>\n<p>&nbsp;<\/p>\n<p>La comp\u00e9tition s&rsquo;est d\u00e9roul\u00e9e sur une journ\u00e9e, o\u00f9 chaque gymnaste a pu pr\u00e9senter\u00a0 individuellement son encha\u00eenement.<\/p>\n<p><!--more--><a href=\"https:\/\/www.mouthiers-sur-boeme.fr\/wp-content\/uploads\/2014\/11\/sout6.jpg\"><img loading=\"lazy\" class=\" wp-image-2144 alignleft\" src=\"https:\/\/www.mouthiers-sur-boeme.fr\/wp-content\/uploads\/2014\/11\/sout6-169x300.jpg\" alt=\"sout6\" width=\"147\" height=\"261\" srcset=\"https:\/\/www.mouthiers-sur-boeme.fr\/wp-content\/uploads\/2014\/11\/sout6-169x300.jpg 169w, https:\/\/www.mouthiers-sur-boeme.fr\/wp-content\/uploads\/2014\/11\/sout6.jpg 435w\" sizes=\"(max-width: 147px) 100vw, 147px\" \/><\/a><\/p>\n<p>&nbsp;<\/p>\n<p>&nbsp;<\/p>\n<p>Ma\u00eblys ( la rel\u00e8ve ) avec sourire et ballon<\/p>\n<hr \/>\n<p>&nbsp;<\/p>\n<hr \/>\n<p><a href=\"https:\/\/www.mouthiers-sur-boeme.fr\/wp-content\/uploads\/2014\/11\/sout5.jpg\"><img loading=\"lazy\" class=\"wp-image-2143  aligncenter\" src=\"https:\/\/www.mouthiers-sur-boeme.fr\/wp-content\/uploads\/2014\/11\/sout5-300x194.jpg\" alt=\"sout5\" width=\"285\" height=\"184\" srcset=\"https:\/\/www.mouthiers-sur-boeme.fr\/wp-content\/uploads\/2014\/11\/sout5-300x194.jpg 300w, https:\/\/www.mouthiers-sur-boeme.fr\/wp-content\/uploads\/2014\/11\/sout5-1024x663.jpg 1024w, https:\/\/www.mouthiers-sur-boeme.fr\/wp-content\/uploads\/2014\/11\/sout5.jpg 1070w\" sizes=\"(max-width: 285px) 100vw, 285px\" \/><\/a><\/p>\n<p>Les filles ont conquis quelques podiums et peuvent toutes \u00eatre fi\u00e8res de leurs prestations sur le praticable :<\/p>\n<p><a href=\"https:\/\/www.mouthiers-sur-boeme.fr\/wp-content\/uploads\/2014\/11\/palmaresout3.jpg\"><img loading=\"lazy\" class=\"alignnone size-medium wp-image-2153\" src=\"https:\/\/www.mouthiers-sur-boeme.fr\/wp-content\/uploads\/2014\/11\/palmaresout3-300x200.jpg\" alt=\"palmaresout3\" width=\"300\" height=\"200\" srcset=\"https:\/\/www.mouthiers-sur-boeme.fr\/wp-content\/uploads\/2014\/11\/palmaresout3-300x200.jpg 300w, https:\/\/www.mouthiers-sur-boeme.fr\/wp-content\/uploads\/2014\/11\/palmaresout3-1024x682.jpg 1024w, https:\/\/www.mouthiers-sur-boeme.fr\/wp-content\/uploads\/2014\/11\/palmaresout3.jpg 1152w\" sizes=\"(max-width: 300px) 100vw, 300px\" \/><\/a> <a href=\"https:\/\/www.mouthiers-sur-boeme.fr\/wp-content\/uploads\/2014\/11\/palmaressout2.jpg\"><img loading=\"lazy\" class=\"alignnone size-medium wp-image-2155\" src=\"https:\/\/www.mouthiers-sur-boeme.fr\/wp-content\/uploads\/2014\/11\/palmaressout2-300x200.jpg\" alt=\"palmaressout2\" width=\"300\" height=\"200\" srcset=\"https:\/\/www.mouthiers-sur-boeme.fr\/wp-content\/uploads\/2014\/11\/palmaressout2-300x200.jpg 300w, https:\/\/www.mouthiers-sur-boeme.fr\/wp-content\/uploads\/2014\/11\/palmaressout2-1024x682.jpg 1024w, https:\/\/www.mouthiers-sur-boeme.fr\/wp-content\/uploads\/2014\/11\/palmaressout2.jpg 1152w\" sizes=\"(max-width: 300px) 100vw, 300px\" \/><\/a> <a href=\"https:\/\/www.mouthiers-sur-boeme.fr\/wp-content\/uploads\/2014\/11\/palmaressout1.jpg\"><img loading=\"lazy\" class=\"alignnone size-medium wp-image-2154\" src=\"https:\/\/www.mouthiers-sur-boeme.fr\/wp-content\/uploads\/2014\/11\/palmaressout1-300x200.jpg\" alt=\"palmaressout1\" width=\"300\" height=\"200\" srcset=\"https:\/\/www.mouthiers-sur-boeme.fr\/wp-content\/uploads\/2014\/11\/palmaressout1-300x200.jpg 300w, https:\/\/www.mouthiers-sur-boeme.fr\/wp-content\/uploads\/2014\/11\/palmaressout1-1024x682.jpg 1024w, https:\/\/www.mouthiers-sur-boeme.fr\/wp-content\/uploads\/2014\/11\/palmaressout1.jpg 1152w\" sizes=\"(max-width: 300px) 100vw, 300px\" \/><\/a><\/p>\n<p>Dans la cat\u00e9gorie\u00a0 Honneur 11\/12 ans<br \/>\nBOUTILLIER Audrey 7\u00e8me, DUCLOUT Marine 8\u00e8me<br \/>\net BORDE Amandine 9\u00e8me place.<\/p>\n<p>Dans la cat\u00e9gorie\u00a0 Honneur 13\/14 ans<br \/>\nGAILLARD Nina 1\u00e8re ,\u00a0 DAUGE Pauline 2\u00e8me et<br \/>\nDEVEYNEIX L\u00e9a 4\u00e8me place.<\/p>\n<p>Dans la cat\u00e9gorie\u00a0 Honneur 15\/16 ans<br \/>\nGOURDIER Carole\u00a01\u00e8re ,\u00a0\u00a0FAYE Justine 3\u00e8me et<br \/>\nBREGIER Emma\u00a04\u00e8me place.<\/p>\n<p>Dans la cat\u00e9gorie\u00a0 Honneur 17 ans et +<br \/>\nGIRAUDON Ma\u00ebliss 2\u00e8me<\/p>\n<p>Dans la cat\u00e9gorie\u00a0 Excellence 15\/16 ans<br \/>\nBLANCHARD Alice\u00a01\u00e8re ,\u00a0\u00a0DESVALOIS Claire 3\u00e8me et<br \/>\nCORTECCIA C\u00e9line\u00a04\u00e8me place<\/p>\n<p>Dans la cat\u00e9gorie\u00a0\u00a0Excellence 17 \/18 ans<br \/>\nNOEL Ad\u00e8le\u00a02\u00e8me place<\/p>\n<p>Dans la cat\u00e9gorie\u00a0 Pr\u00e9-Honneur 11\/12 ans<br \/>\nBOURREAU Am\u00e9lie 3\u00e8me ,\u00a0 DA ROS Ma\u00eblys 7\u00e8me, TERRIER Jade 8\u00e8me et BROUSSE Anouchka\u00a0 9\u00e8me place.<\/p>\n<p>Dans la cat\u00e9gorie\u00a0 Pr\u00e9-Honneur 13\/14 ans\u00a0\u00a0\u00a0\u00a0\u00a0\u00a0\u00a0\u00a0\u00a0\u00a0\u00a0\u00a0\u00a0\u00a0\u00a0\u00a0\u00a0\u00a0\u00a0\u00a0\u00a0\u00a0\u00a0\u00a0\u00a0\u00a0\u00a0\u00a0\u00a0\u00a0\u00a0\u00a0\u00a0\u00a0\u00a0\u00a0\u00a0\u00a0\u00a0\u00a0\u00a0\u00a0 BROUSSE Ilona 4\u00e8me place<\/p>\n<p>Dans la cat\u00e9gorie\u00a0\u00a0Pr\u00e9-Honneur 15\/16 ans\u00a0\u00a0\u00a0\u00a0\u00a0\u00a0\u00a0\u00a0\u00a0\u00a0\u00a0\u00a0\u00a0\u00a0\u00a0\u00a0\u00a0\u00a0\u00a0\u00a0\u00a0\u00a0\u00a0\u00a0\u00a0\u00a0\u00a0\u00a0\u00a0\u00a0\u00a0\u00a0 VERGNAUD Ga\u00eblle 3\u00e8me place<\/p>\n<p>Bravo \u00e0 elles et rendez vous \u00e0 Mouthiers le 06 et 07 d\u00e9cembre pour le <strong><em>CHAMPIONNAT INDIVIDUEL INTER REGIONAL<\/em><\/strong> qui rassemblera environ 160 gymnastes dans notre salle de sport.<\/p>\n<p>Je vous laisse avec quelques photos prises lors de la comp\u00e9tition.<\/p>\n<p><a href=\"https:\/\/www.mouthiers-sur-boeme.fr\/wp-content\/uploads\/2014\/11\/sout15.jpg\"><img loading=\"lazy\" class=\"alignnone  wp-image-2152\" src=\"https:\/\/www.mouthiers-sur-boeme.fr\/wp-content\/uploads\/2014\/11\/sout15-285x300.jpg\" alt=\"sout15\" width=\"175\" height=\"184\" srcset=\"https:\/\/www.mouthiers-sur-boeme.fr\/wp-content\/uploads\/2014\/11\/sout15-285x300.jpg 285w, https:\/\/www.mouthiers-sur-boeme.fr\/wp-content\/uploads\/2014\/11\/sout15.jpg 462w\" sizes=\"(max-width: 175px) 100vw, 175px\" \/><\/a><a href=\"https:\/\/www.mouthiers-sur-boeme.fr\/wp-content\/uploads\/2014\/11\/sout13.jpg\"><img loading=\"lazy\" class=\"alignnone  wp-image-2151\" src=\"https:\/\/www.mouthiers-sur-boeme.fr\/wp-content\/uploads\/2014\/11\/sout13-300x200.jpg\" alt=\"sout13\" width=\"277\" height=\"185\" srcset=\"https:\/\/www.mouthiers-sur-boeme.fr\/wp-content\/uploads\/2014\/11\/sout13-300x200.jpg 300w, https:\/\/www.mouthiers-sur-boeme.fr\/wp-content\/uploads\/2014\/11\/sout13-1024x682.jpg 1024w, https:\/\/www.mouthiers-sur-boeme.fr\/wp-content\/uploads\/2014\/11\/sout13.jpg 1152w\" sizes=\"(max-width: 277px) 100vw, 277px\" \/><\/a><\/p>\n<p>Alice au main libre.<\/p>\n<p><a href=\"https:\/\/www.mouthiers-sur-boeme.fr\/wp-content\/uploads\/2014\/11\/sout1.jpg\"><img loading=\"lazy\" class=\"alignnone  wp-image-2139\" src=\"https:\/\/www.mouthiers-sur-boeme.fr\/wp-content\/uploads\/2014\/11\/sout1-300x227.jpg\" alt=\"sout1\" width=\"261\" height=\"198\" srcset=\"https:\/\/www.mouthiers-sur-boeme.fr\/wp-content\/uploads\/2014\/11\/sout1-300x227.jpg 300w, https:\/\/www.mouthiers-sur-boeme.fr\/wp-content\/uploads\/2014\/11\/sout1.jpg 659w\" sizes=\"(max-width: 261px) 100vw, 261px\" \/><\/a><a href=\"https:\/\/www.mouthiers-sur-boeme.fr\/wp-content\/uploads\/2014\/11\/sout2.jpg\"><img loading=\"lazy\" class=\"alignnone  wp-image-2140\" src=\"https:\/\/www.mouthiers-sur-boeme.fr\/wp-content\/uploads\/2014\/11\/sout2-253x300.jpg\" alt=\"sout2\" width=\"167\" height=\"198\" srcset=\"https:\/\/www.mouthiers-sur-boeme.fr\/wp-content\/uploads\/2014\/11\/sout2-253x300.jpg 253w, https:\/\/www.mouthiers-sur-boeme.fr\/wp-content\/uploads\/2014\/11\/sout2.jpg 477w\" sizes=\"(max-width: 167px) 100vw, 167px\" \/><\/a><\/p>\n<p>Claire ci dessus puis Ad\u00e8le au ruban<\/p>\n<p><a href=\"https:\/\/www.mouthiers-sur-boeme.fr\/wp-content\/uploads\/2014\/11\/sout12.jpg\"><img loading=\"lazy\" class=\"alignnone  wp-image-2150\" src=\"https:\/\/www.mouthiers-sur-boeme.fr\/wp-content\/uploads\/2014\/11\/sout12-300x200.jpg\" alt=\"sout12\" width=\"239\" height=\"159\" srcset=\"https:\/\/www.mouthiers-sur-boeme.fr\/wp-content\/uploads\/2014\/11\/sout12-300x200.jpg 300w, https:\/\/www.mouthiers-sur-boeme.fr\/wp-content\/uploads\/2014\/11\/sout12-1024x682.jpg 1024w, https:\/\/www.mouthiers-sur-boeme.fr\/wp-content\/uploads\/2014\/11\/sout12.jpg 1152w\" sizes=\"(max-width: 239px) 100vw, 239px\" \/><\/a><\/p>\n<p>Justine au ruban puis \u00e0 la corde<\/p>\n<p><a href=\"https:\/\/www.mouthiers-sur-boeme.fr\/wp-content\/uploads\/2014\/11\/sout4.jpg\"><img loading=\"lazy\" class=\"alignnone  wp-image-2142\" src=\"https:\/\/www.mouthiers-sur-boeme.fr\/wp-content\/uploads\/2014\/11\/sout4-300x195.jpg\" alt=\"sout4\" width=\"242\" height=\"157\" srcset=\"https:\/\/www.mouthiers-sur-boeme.fr\/wp-content\/uploads\/2014\/11\/sout4-300x195.jpg 300w, https:\/\/www.mouthiers-sur-boeme.fr\/wp-content\/uploads\/2014\/11\/sout4.jpg 802w\" sizes=\"(max-width: 242px) 100vw, 242px\" \/><\/a><a href=\"https:\/\/www.mouthiers-sur-boeme.fr\/wp-content\/uploads\/2014\/11\/sout3.jpg\"><img loading=\"lazy\" class=\"alignnone  wp-image-2141\" src=\"https:\/\/www.mouthiers-sur-boeme.fr\/wp-content\/uploads\/2014\/11\/sout3-300x225.jpg\" alt=\"sout3\" width=\"211\" height=\"158\" srcset=\"https:\/\/www.mouthiers-sur-boeme.fr\/wp-content\/uploads\/2014\/11\/sout3-300x225.jpg 300w, https:\/\/www.mouthiers-sur-boeme.fr\/wp-content\/uploads\/2014\/11\/sout3.jpg 1023w\" sizes=\"(max-width: 211px) 100vw, 211px\" \/><\/a><a href=\"https:\/\/www.mouthiers-sur-boeme.fr\/wp-content\/uploads\/2014\/11\/sout11.jpg\"><img loading=\"lazy\" class=\"alignnone size-medium wp-image-2149\" src=\"https:\/\/www.mouthiers-sur-boeme.fr\/wp-content\/uploads\/2014\/11\/sout11-300x251.jpg\" alt=\"sout11\" width=\"300\" height=\"251\" srcset=\"https:\/\/www.mouthiers-sur-boeme.fr\/wp-content\/uploads\/2014\/11\/sout11-300x251.jpg 300w, https:\/\/www.mouthiers-sur-boeme.fr\/wp-content\/uploads\/2014\/11\/sout11.jpg 905w\" sizes=\"(max-width: 300px) 100vw, 300px\" \/><\/a><\/p>\n<p>et encore Ma\u00ebliss pendant son enchainement au ruban.<\/p>\n<p><a href=\"https:\/\/www.mouthiers-sur-boeme.fr\/wp-content\/uploads\/2014\/11\/sout7.jpg\"><img loading=\"lazy\" class=\"alignnone size-medium wp-image-2145\" src=\"https:\/\/www.mouthiers-sur-boeme.fr\/wp-content\/uploads\/2014\/11\/sout7-300x277.jpg\" alt=\"sout7\" width=\"300\" height=\"277\" srcset=\"https:\/\/www.mouthiers-sur-boeme.fr\/wp-content\/uploads\/2014\/11\/sout7-300x277.jpg 300w, https:\/\/www.mouthiers-sur-boeme.fr\/wp-content\/uploads\/2014\/11\/sout7.jpg 733w\" sizes=\"(max-width: 300px) 100vw, 300px\" \/><\/a><a href=\"https:\/\/www.mouthiers-sur-boeme.fr\/wp-content\/uploads\/2014\/11\/sout8.jpg\"><img loading=\"lazy\" class=\"alignnone size-medium wp-image-2146\" src=\"https:\/\/www.mouthiers-sur-boeme.fr\/wp-content\/uploads\/2014\/11\/sout8-300x200.jpg\" alt=\"sout8\" width=\"300\" height=\"200\" srcset=\"https:\/\/www.mouthiers-sur-boeme.fr\/wp-content\/uploads\/2014\/11\/sout8-300x200.jpg 300w, https:\/\/www.mouthiers-sur-boeme.fr\/wp-content\/uploads\/2014\/11\/sout8-1024x682.jpg 1024w, https:\/\/www.mouthiers-sur-boeme.fr\/wp-content\/uploads\/2014\/11\/sout8.jpg 1152w\" sizes=\"(max-width: 300px) 100vw, 300px\" \/><\/a><a href=\"https:\/\/www.mouthiers-sur-boeme.fr\/wp-content\/uploads\/2014\/11\/sout10.jpg\"><img loading=\"lazy\" class=\"alignnone size-medium wp-image-2148\" src=\"https:\/\/www.mouthiers-sur-boeme.fr\/wp-content\/uploads\/2014\/11\/sout10-300x222.jpg\" alt=\"sout10\" width=\"300\" height=\"222\" srcset=\"https:\/\/www.mouthiers-sur-boeme.fr\/wp-content\/uploads\/2014\/11\/sout10-300x222.jpg 300w, https:\/\/www.mouthiers-sur-boeme.fr\/wp-content\/uploads\/2014\/11\/sout10.jpg 625w\" sizes=\"(max-width: 300px) 100vw, 300px\" \/><\/a><a href=\"https:\/\/www.mouthiers-sur-boeme.fr\/wp-content\/uploads\/2014\/11\/sout9.jpg\"><img loading=\"lazy\" class=\"alignnone  wp-image-2147\" src=\"https:\/\/www.mouthiers-sur-boeme.fr\/wp-content\/uploads\/2014\/11\/sout9-288x300.jpg\" alt=\"sout9\" width=\"299\" height=\"311\" srcset=\"https:\/\/www.mouthiers-sur-boeme.fr\/wp-content\/uploads\/2014\/11\/sout9-288x300.jpg 288w, https:\/\/www.mouthiers-sur-boeme.fr\/wp-content\/uploads\/2014\/11\/sout9.jpg 739w\" sizes=\"(max-width: 299px) 100vw, 299px\" \/><\/a><\/p>\n<p>Vous pouvez retrouver d&rsquo;autres infos sur la GRS de Mouthiers sur <a href=\"http:\/\/www.klubasso.fr\/accueil\/accueil.php?idc=16S4\">leur\u00a0 blog<\/a><\/p>\n","protected":false},"excerpt":{"rendered":"<p>\u00a0Dimanche 16 novembre , les gymnastes du club de GRS de Mouthiers sont all\u00e9es au CHAMPIONNAT INDIVIDUEL INTER D\u00c9PARTEMENTAL UFOLEP\u00a0 \u00e0 La Souterraine dans la Creuse, afin de se qualifier pour le CHAMPIONNAT INDIVIDUEL INTER R\u00c9GIONAL, derni\u00e8re porte avant les championnats de France.\u00a0 &nbsp; &nbsp; &nbsp; Ma\u00ebliss, en action &nbsp; La comp\u00e9tition s&rsquo;est d\u00e9roul\u00e9e sur &hellip; <a href=\"https:\/\/www.mouthiers-sur-boeme.fr\/?p=2138\" class=\"more-link\">Continuer la lecture de <span class=\"screen-reader-text\">Championnat d\u00e9partemental individuel de GRS<\/span>  <span class=\"meta-nav\">&rarr;<\/span><\/a><\/p>\n","protected":false},"author":22,"featured_media":0,"comment_status":"open","ping_status":"open","sticky":false,"template":"","format":"standard","meta":[],"categories":[7,12],"tags":[],"_links":{"self":[{"href":"https:\/\/www.mouthiers-sur-boeme.fr\/index.php?rest_route=\/wp\/v2\/posts\/2138"}],"collection":[{"href":"https:\/\/www.mouthiers-sur-boeme.fr\/index.php?rest_route=\/wp\/v2\/posts"}],"about":[{"href":"https:\/\/www.mouthiers-sur-boeme.fr\/index.php?rest_route=\/wp\/v2\/types\/post"}],"author":[{"embeddable":true,"href":"https:\/\/www.mouthiers-sur-boeme.fr\/index.php?rest_route=\/wp\/v2\/users\/22"}],"replies":[{"embeddable":true,"href":"https:\/\/www.mouthiers-sur-boeme.fr\/index.php?rest_route=%2Fwp%2Fv2%2Fcomments&post=2138"}],"version-history":[{"count":12,"href":"https:\/\/www.mouthiers-sur-boeme.fr\/index.php?rest_route=\/wp\/v2\/posts\/2138\/revisions"}],"predecessor-version":[{"id":2192,"href":"https:\/\/www.mouthiers-sur-boeme.fr\/index.php?rest_route=\/wp\/v2\/posts\/2138\/revisions\/2192"}],"wp:attachment":[{"href":"https:\/\/www.mouthiers-sur-boeme.fr\/index.php?rest_route=%2Fwp%2Fv2%2Fmedia&parent=2138"}],"wp:term":[{"taxonomy":"category","embeddable":true,"href":"https:\/\/www.mouthiers-sur-boeme.fr\/index.php?rest_route=%2Fwp%2Fv2%2Fcategories&post=2138"},{"taxonomy":"post_tag","embeddable":true,"href":"https:\/\/www.mouthiers-sur-boeme.fr\/index.php?rest_route=%2Fwp%2Fv2%2Ftags&post=2138"}],"curies":[{"name":"wp","href":"https:\/\/api.w.org\/{rel}","templated":true}]}}