{"id":2170,"date":"2014-11-22T09:27:21","date_gmt":"2014-11-22T08:27:21","guid":{"rendered":"https:\/\/www.mouthiers-sur-boeme.fr\/?p=2170"},"modified":"2014-11-23T10:00:47","modified_gmt":"2014-11-23T09:00:47","slug":"nouveaux-arrivants-sur-la-commune","status":"publish","type":"post","link":"https:\/\/www.mouthiers-sur-boeme.fr\/?p=2170","title":{"rendered":"Nouveaux arrivants sur la commune"},"content":{"rendered":"<p>Vendredi 21 novembre 2014 \u00e0 18 h 30 , Mouthiers sur Bo\u00ebme a re\u00e7u ses nouveaux arrivants dans la M\u00e9diath\u00e8que. C&rsquo;est une c\u00e9r\u00e9monie conviviale qui permet \u00e0 toutes et tous de se rencontrer, d&rsquo;\u00e9changer.<\/p>\n<p>Pr\u00e9sentation des nouveaux arrivants. 25 familles environ se sont install\u00e9es sur la commune.\u00a0 Certains sont en couple avec des enfants, d&rsquo;autres sont un peu plus \u00e2g\u00e9s, venant de loin ou pas, ils se sont install\u00e9s sur la commune parce que la commune est \u00e0 dimension humaine avec toutes les structures n\u00e9cessaires \u00e0 port\u00e9e de mains, on se sent bien ici&#8230;. Pr\u00e9sentation aussi des structures, des associations de la commune.<br \/>\nEnsuite on partage le verre de l&rsquo;amiti\u00e9.<\/p>\n<p>Merci \u00e0 eux d&rsquo;avoir choisi notre commune o\u00f9 il fait bon vivre&#8230;<\/p>\n<figure id=\"attachment_2171\" aria-describedby=\"caption-attachment-2171\" style=\"width: 300px\" class=\"wp-caption alignleft\"><a href=\"https:\/\/www.mouthiers-sur-boeme.fr\/wp-content\/uploads\/2014\/11\/2014-11-21-20.27.35.jpg\"><img loading=\"lazy\" class=\"wp-image-2171 size-medium\" src=\"https:\/\/www.mouthiers-sur-boeme.fr\/wp-content\/uploads\/2014\/11\/2014-11-21-20.27.35-300x198.jpg\" alt=\"2014-11-21 20.27.35\" width=\"300\" height=\"198\" srcset=\"https:\/\/www.mouthiers-sur-boeme.fr\/wp-content\/uploads\/2014\/11\/2014-11-21-20.27.35-300x198.jpg 300w, https:\/\/www.mouthiers-sur-boeme.fr\/wp-content\/uploads\/2014\/11\/2014-11-21-20.27.35-1024x679.jpg 1024w\" sizes=\"(max-width: 300px) 100vw, 300px\" \/><\/a><figcaption id=\"caption-attachment-2171\" class=\"wp-caption-text\">Nouveaux arrivants &#8211; Photo Alain Porte<\/figcaption><\/figure>\n<figure id=\"attachment_2172\" aria-describedby=\"caption-attachment-2172\" style=\"width: 300px\" class=\"wp-caption alignnone\"><a href=\"https:\/\/www.mouthiers-sur-boeme.fr\/wp-content\/uploads\/2014\/11\/2014-11-21-20.40.45.jpg\"><img loading=\"lazy\" class=\"wp-image-2172 size-medium\" src=\"https:\/\/www.mouthiers-sur-boeme.fr\/wp-content\/uploads\/2014\/11\/2014-11-21-20.40.45-300x198.jpg\" alt=\"2014-11-21 20.40.45\" width=\"300\" height=\"198\" srcset=\"https:\/\/www.mouthiers-sur-boeme.fr\/wp-content\/uploads\/2014\/11\/2014-11-21-20.40.45-300x198.jpg 300w, https:\/\/www.mouthiers-sur-boeme.fr\/wp-content\/uploads\/2014\/11\/2014-11-21-20.40.45-1024x679.jpg 1024w\" sizes=\"(max-width: 300px) 100vw, 300px\" \/><\/a><figcaption id=\"caption-attachment-2172\" class=\"wp-caption-text\">Nouveaux arrivants &#8211; Photo Alain Porte<\/figcaption><\/figure>\n","protected":false},"excerpt":{"rendered":"<p>Vendredi 21 novembre 2014 \u00e0 18 h 30 , Mouthiers sur Bo\u00ebme a re\u00e7u ses nouveaux arrivants dans la M\u00e9diath\u00e8que. C&rsquo;est une c\u00e9r\u00e9monie conviviale qui permet \u00e0 toutes et tous de se rencontrer, d&rsquo;\u00e9changer. Pr\u00e9sentation des nouveaux arrivants. 25 familles environ se sont install\u00e9es sur la commune.\u00a0 Certains sont en couple avec des enfants, d&rsquo;autres &hellip; <a href=\"https:\/\/www.mouthiers-sur-boeme.fr\/?p=2170\" class=\"more-link\">Continuer la lecture de <span class=\"screen-reader-text\">Nouveaux arrivants sur la commune<\/span>  <span class=\"meta-nav\">&rarr;<\/span><\/a><\/p>\n","protected":false},"author":22,"featured_media":0,"comment_status":"open","ping_status":"open","sticky":false,"template":"","format":"standard","meta":[],"categories":[11],"tags":[],"_links":{"self":[{"href":"https:\/\/www.mouthiers-sur-boeme.fr\/index.php?rest_route=\/wp\/v2\/posts\/2170"}],"collection":[{"href":"https:\/\/www.mouthiers-sur-boeme.fr\/index.php?rest_route=\/wp\/v2\/posts"}],"about":[{"href":"https:\/\/www.mouthiers-sur-boeme.fr\/index.php?rest_route=\/wp\/v2\/types\/post"}],"author":[{"embeddable":true,"href":"https:\/\/www.mouthiers-sur-boeme.fr\/index.php?rest_route=\/wp\/v2\/users\/22"}],"replies":[{"embeddable":true,"href":"https:\/\/www.mouthiers-sur-boeme.fr\/index.php?rest_route=%2Fwp%2Fv2%2Fcomments&post=2170"}],"version-history":[{"count":3,"href":"https:\/\/www.mouthiers-sur-boeme.fr\/index.php?rest_route=\/wp\/v2\/posts\/2170\/revisions"}],"predecessor-version":[{"id":2182,"href":"https:\/\/www.mouthiers-sur-boeme.fr\/index.php?rest_route=\/wp\/v2\/posts\/2170\/revisions\/2182"}],"wp:attachment":[{"href":"https:\/\/www.mouthiers-sur-boeme.fr\/index.php?rest_route=%2Fwp%2Fv2%2Fmedia&parent=2170"}],"wp:term":[{"taxonomy":"category","embeddable":true,"href":"https:\/\/www.mouthiers-sur-boeme.fr\/index.php?rest_route=%2Fwp%2Fv2%2Fcategories&post=2170"},{"taxonomy":"post_tag","embeddable":true,"href":"https:\/\/www.mouthiers-sur-boeme.fr\/index.php?rest_route=%2Fwp%2Fv2%2Ftags&post=2170"}],"curies":[{"name":"wp","href":"https:\/\/api.w.org\/{rel}","templated":true}]}}