{"id":2187,"date":"2014-11-24T20:50:28","date_gmt":"2014-11-24T19:50:28","guid":{"rendered":"https:\/\/www.mouthiers-sur-boeme.fr\/?p=2187"},"modified":"2014-11-24T21:04:14","modified_gmt":"2014-11-24T20:04:14","slug":"the-dansant","status":"publish","type":"post","link":"https:\/\/www.mouthiers-sur-boeme.fr\/?p=2187","title":{"rendered":"Th\u00e9 dansant"},"content":{"rendered":"<p style=\"text-align: left\">Dimanche 16 Novembre 2014, le comit\u00e9 des f\u00eates de la commune a organis\u00e9 son tout premier th\u00e9 dansant. Cette nouvelle \u00e9quipe volontaire et dynamique avait pr\u00e9par\u00e9 depuis quelques mois cette manifestation.\u00a0 Tous les ingr\u00e9dients \u00e9taient r\u00e9unis pour valser toute l&rsquo;apr\u00e8s midi, un orchestre de trois musiciens, une piste de danse lustr\u00e9e, une tisanerie et une part de tarte offerte. Les organisateurs avaient dispos\u00e9 une jolie d\u00e9coration sur chacune des tables ainsi que dans l&rsquo;ensemble de la salle.\u00a0 M\u00eame s&rsquo;il n&rsquo; y a pas eu beaucoup de danseurs, le comit\u00e9 des f\u00eates \u00e9tait satisfait de la bonne ambiance. Ils ont d&rsquo;ailleurs d\u00e9montr\u00e9 leur enthousiasme toute la journ\u00e9e.<\/p>\n<p style=\"text-align: left\">le comit\u00e9 des f\u00eates de Mouthiers a constitu\u00e9 son bureau avant Septembre 2014. Les membres de cette association sont \u00e0 la recherche de b\u00e9n\u00e9voles que se soit pour une aide ponctuelle ou r\u00e9guli\u00e8re. N&rsquo;h\u00e9sitez pas \u00e0 contacter Monsieur Jean luc FOURNIER, le pr\u00e9sident, pour toutes questions, propositions et id\u00e9es.<\/p>\n<p style=\"text-align: left\">\n","protected":false},"excerpt":{"rendered":"<p>Dimanche 16 Novembre 2014, le comit\u00e9 des f\u00eates de la commune a organis\u00e9 son tout premier th\u00e9 dansant. Cette nouvelle \u00e9quipe volontaire et dynamique avait pr\u00e9par\u00e9 depuis quelques mois cette manifestation.\u00a0 Tous les ingr\u00e9dients \u00e9taient r\u00e9unis pour valser toute l&rsquo;apr\u00e8s midi, un orchestre de trois musiciens, une piste de danse lustr\u00e9e, une tisanerie et une &hellip; <a href=\"https:\/\/www.mouthiers-sur-boeme.fr\/?p=2187\" class=\"more-link\">Continuer la lecture de <span class=\"screen-reader-text\">Th\u00e9 dansant<\/span>  <span class=\"meta-nav\">&rarr;<\/span><\/a><\/p>\n","protected":false},"author":22,"featured_media":0,"comment_status":"open","ping_status":"open","sticky":false,"template":"","format":"standard","meta":[],"categories":[12],"tags":[28],"_links":{"self":[{"href":"https:\/\/www.mouthiers-sur-boeme.fr\/index.php?rest_route=\/wp\/v2\/posts\/2187"}],"collection":[{"href":"https:\/\/www.mouthiers-sur-boeme.fr\/index.php?rest_route=\/wp\/v2\/posts"}],"about":[{"href":"https:\/\/www.mouthiers-sur-boeme.fr\/index.php?rest_route=\/wp\/v2\/types\/post"}],"author":[{"embeddable":true,"href":"https:\/\/www.mouthiers-sur-boeme.fr\/index.php?rest_route=\/wp\/v2\/users\/22"}],"replies":[{"embeddable":true,"href":"https:\/\/www.mouthiers-sur-boeme.fr\/index.php?rest_route=%2Fwp%2Fv2%2Fcomments&post=2187"}],"version-history":[{"count":3,"href":"https:\/\/www.mouthiers-sur-boeme.fr\/index.php?rest_route=\/wp\/v2\/posts\/2187\/revisions"}],"predecessor-version":[{"id":2191,"href":"https:\/\/www.mouthiers-sur-boeme.fr\/index.php?rest_route=\/wp\/v2\/posts\/2187\/revisions\/2191"}],"wp:attachment":[{"href":"https:\/\/www.mouthiers-sur-boeme.fr\/index.php?rest_route=%2Fwp%2Fv2%2Fmedia&parent=2187"}],"wp:term":[{"taxonomy":"category","embeddable":true,"href":"https:\/\/www.mouthiers-sur-boeme.fr\/index.php?rest_route=%2Fwp%2Fv2%2Fcategories&post=2187"},{"taxonomy":"post_tag","embeddable":true,"href":"https:\/\/www.mouthiers-sur-boeme.fr\/index.php?rest_route=%2Fwp%2Fv2%2Ftags&post=2187"}],"curies":[{"name":"wp","href":"https:\/\/api.w.org\/{rel}","templated":true}]}}