{"id":2199,"date":"2014-11-25T19:12:25","date_gmt":"2014-11-25T18:12:25","guid":{"rendered":"https:\/\/www.mouthiers-sur-boeme.fr\/?p=2199"},"modified":"2021-06-07T13:39:39","modified_gmt":"2021-06-07T12:39:39","slug":"notre-dame-de-nanteuillet","status":"publish","type":"post","link":"https:\/\/www.mouthiers-sur-boeme.fr\/?p=2199","title":{"rendered":"Notre dame de la Paix"},"content":{"rendered":"\n<p>Si vous aimez vous promener dans la r\u00e9gion, vos pas vous ont sans doute men\u00e9 \u00e0 Nanteuillet.<\/p>\n\n\n\n<p>L\u00e0, sur la falaise, on trouve une vierge \u00e0 l\u2019enfant.<\/p>\n\n\n\n<figure class=\"wp-block-image alignnone\"><a href=\"https:\/\/www.mouthiers-sur-boeme.fr\/wp-content\/uploads\/2014\/11\/vierge4-.jpg\"><img loading=\"lazy\" width=\"225\" height=\"300\" src=\"https:\/\/www.mouthiers-sur-boeme.fr\/wp-content\/uploads\/2014\/11\/vierge4--225x300.jpg\" alt=\"photo F.NOEL\" class=\"wp-image-2193\" srcset=\"https:\/\/www.mouthiers-sur-boeme.fr\/wp-content\/uploads\/2014\/11\/vierge4--225x300.jpg 225w, https:\/\/www.mouthiers-sur-boeme.fr\/wp-content\/uploads\/2014\/11\/vierge4--768x1024.jpg 768w, https:\/\/www.mouthiers-sur-boeme.fr\/wp-content\/uploads\/2014\/11\/vierge4-.jpg 1600w\" sizes=\"(max-width: 225px) 100vw, 225px\" \/><\/a><figcaption>Notre dame de la Paix<\/figcaption><\/figure>\n\n\n\n<!--more-->\n\n\n\n<p>Cette statue est en fait un Ex-voto, pos\u00e9e au bord de la falaise.<br>Elle surplombe une vall\u00e9e sauvage, au-dessus de \u00ab\u00a0la fontaine<br>Robert\u00a0\u00bb, et se trouve pr\u00e8s du hameau Le Joufferoux, sur la<br>commune de Voulg\u00e9zac. Des habitants de ce hameau arrivant du Nord dans le courant des ann\u00e9es 50 d\u00e9cid\u00e8rent d&rsquo;offrir cette statue de fonte, en remerciement \u00e0 la vierge pour avoir \u00e9pargn\u00e9 la vie du chef de famille pendant sa captivit\u00e9 durant la Seconde Guerre<br>mondiale.<\/p>\n\n\n\n<figure class=\"wp-block-image alignnone\"><a href=\"https:\/\/www.mouthiers-sur-boeme.fr\/wp-content\/uploads\/2014\/11\/panorama2.jpg\"><img loading=\"lazy\" width=\"300\" height=\"99\" src=\"https:\/\/www.mouthiers-sur-boeme.fr\/wp-content\/uploads\/2014\/11\/panorama2-300x99.jpg\" alt=\"photo F.NOEL\" class=\"wp-image-2196\" srcset=\"https:\/\/www.mouthiers-sur-boeme.fr\/wp-content\/uploads\/2014\/11\/panorama2-300x99.jpg 300w, https:\/\/www.mouthiers-sur-boeme.fr\/wp-content\/uploads\/2014\/11\/panorama2-1024x339.jpg 1024w\" sizes=\"(max-width: 300px) 100vw, 300px\" \/><\/a><figcaption>Panorama de la vue depuis la statue<\/figcaption><\/figure>\n\n\n\n<p>La statue repr\u00e9sente une vierge \u00e0 l&rsquo;enfant : notre dame de la Paix.<br>Si vous d\u00e9sirez voir la vierge, il vous faudra suivre la randonn\u00e9e du<em><strong> grand sentier de Nanteuillet<\/strong> ( 12,5 km )<\/em> ou pour les moins courageux partir du moulin de Nanteuillet o\u00f9 l&rsquo;on peut voir Notre dame de Nanteuillet.<\/p>\n\n\n\n<p>Il faut suivre le balisage violet, longer l\u2019\u00e9tang et juste apr\u00e8s avoir&nbsp;&nbsp;&nbsp; pass\u00e9 la fontaine Robert, <em>enjamber<\/em> le ruisseau<br>( tr\u00e8s humide en hiver ).<\/p>\n\n\n\n<figure class=\"wp-block-image\"><a href=\"https:\/\/www.mouthiers-sur-boeme.fr\/wp-content\/uploads\/2014\/11\/fontaine.jpg\"><img loading=\"lazy\" width=\"300\" height=\"236\" src=\"https:\/\/www.mouthiers-sur-boeme.fr\/wp-content\/uploads\/2014\/11\/fontaine-300x236.jpg\" alt=\"photo F.NOEL\" class=\"wp-image-2198\" srcset=\"https:\/\/www.mouthiers-sur-boeme.fr\/wp-content\/uploads\/2014\/11\/fontaine-300x236.jpg 300w, https:\/\/www.mouthiers-sur-boeme.fr\/wp-content\/uploads\/2014\/11\/fontaine.jpg 1024w\" sizes=\"(max-width: 300px) 100vw, 300px\" \/><\/a><\/figure>\n\n\n\n<p>L\u00e0, il vous faudra&nbsp; faire un choix entre suivre les indications et voir <em>le site des Vachons<\/em> ou monter sur la falaise pour voir la vierge.<\/p>\n\n\n\n<p>Vous avez d\u00e9cid\u00e9 de rencontrer Marie alors continuer tout droit sur le chemin escarp\u00e9 sur 150 m\u00e8tres apr\u00e8s le ruisseau.<br>Arriv\u00e9 en haut, prenez le premier chemin \u00e0 gauche.<br>Vous tomberez sur la vierge au bout de 150 m\u00e8tres.<\/p>\n\n\n\n<figure class=\"wp-block-image\"><a href=\"https:\/\/www.mouthiers-sur-boeme.fr\/wp-content\/uploads\/2014\/11\/vierge3-.jpg\"><img loading=\"lazy\" width=\"300\" height=\"225\" src=\"https:\/\/www.mouthiers-sur-boeme.fr\/wp-content\/uploads\/2014\/11\/vierge3--300x225.jpg\" alt=\"photo F.NOEL\" class=\"wp-image-2195\" srcset=\"https:\/\/www.mouthiers-sur-boeme.fr\/wp-content\/uploads\/2014\/11\/vierge3--300x225.jpg 300w, https:\/\/www.mouthiers-sur-boeme.fr\/wp-content\/uploads\/2014\/11\/vierge3--1024x768.jpg 1024w, https:\/\/www.mouthiers-sur-boeme.fr\/wp-content\/uploads\/2014\/11\/vierge3-.jpg 1599w\" sizes=\"(max-width: 300px) 100vw, 300px\" \/><\/a><\/figure>\n\n\n\n<p>Statue de la vierge vue de cot\u00e9<\/p>\n\n\n\n<p>Ensuite suivez le sentier, il vous ramera au moulin.<strong><em>&nbsp;<\/em><\/strong><\/p>\n\n\n\n<p>Le Comit\u00e9 d\u00e9partemental de la Randonn\u00e9e propose, en partenariat avec CBC, une cartographie des itin\u00e9raires de randonn\u00e9e, qui mentionne \u00e9galement des informations sur le patrimoine.<br>R\u00e9alis\u00e9s sous la forme de 3 rando-fiches tr\u00e8s pratiques, ces documents sont en vente . Ces rando-fiches sont disponibles \u00e0 la maison du Tourisme de la Charente et dans les mairies de la Communaut\u00e9 de Communes au prix de 2,30 \u20ac.<\/p>\n\n\n\n<figure class=\"wp-block-image\"><a href=\"https:\/\/www.mouthiers-sur-boeme.fr\/wp-content\/uploads\/2014\/11\/balade.jpg\"><img loading=\"lazy\" width=\"300\" height=\"286\" src=\"https:\/\/www.mouthiers-sur-boeme.fr\/wp-content\/uploads\/2014\/11\/balade-300x286.jpg\" alt=\"balades entre Charente, Bo\u00ebme et Charraud\" class=\"wp-image-2197\" srcset=\"https:\/\/www.mouthiers-sur-boeme.fr\/wp-content\/uploads\/2014\/11\/balade-300x286.jpg 300w, https:\/\/www.mouthiers-sur-boeme.fr\/wp-content\/uploads\/2014\/11\/balade.jpg 624w\" sizes=\"(max-width: 300px) 100vw, 300px\" \/><\/a><\/figure>\n\n\n\n<p>Mais le meilleur moyen de d\u00e9couvrir les alentours est de conna\u00eetre un randonneur des <a href=\"http:\/\/www.cc-charente-boeme-charraud.fr\/balades-en-charente-boeme-charraud\/\"><strong><em>Sentiers de Bo\u00ebme<\/em><\/strong>.<\/a><\/p>\n\n\n\n<p>Bonne balade<\/p>\n\n\n\n<p>FRED<\/p>\n","protected":false},"excerpt":{"rendered":"<p>Si vous aimez vous promener dans la r\u00e9gion, vos pas vous ont sans doute men\u00e9 \u00e0 Nanteuillet. L\u00e0, sur la falaise, on trouve une vierge \u00e0 l\u2019enfant.<\/p>\n","protected":false},"author":22,"featured_media":2196,"comment_status":"open","ping_status":"open","sticky":false,"template":"","format":"standard","meta":[],"categories":[10],"tags":[],"_links":{"self":[{"href":"https:\/\/www.mouthiers-sur-boeme.fr\/index.php?rest_route=\/wp\/v2\/posts\/2199"}],"collection":[{"href":"https:\/\/www.mouthiers-sur-boeme.fr\/index.php?rest_route=\/wp\/v2\/posts"}],"about":[{"href":"https:\/\/www.mouthiers-sur-boeme.fr\/index.php?rest_route=\/wp\/v2\/types\/post"}],"author":[{"embeddable":true,"href":"https:\/\/www.mouthiers-sur-boeme.fr\/index.php?rest_route=\/wp\/v2\/users\/22"}],"replies":[{"embeddable":true,"href":"https:\/\/www.mouthiers-sur-boeme.fr\/index.php?rest_route=%2Fwp%2Fv2%2Fcomments&post=2199"}],"version-history":[{"count":9,"href":"https:\/\/www.mouthiers-sur-boeme.fr\/index.php?rest_route=\/wp\/v2\/posts\/2199\/revisions"}],"predecessor-version":[{"id":8555,"href":"https:\/\/www.mouthiers-sur-boeme.fr\/index.php?rest_route=\/wp\/v2\/posts\/2199\/revisions\/8555"}],"wp:featuredmedia":[{"embeddable":true,"href":"https:\/\/www.mouthiers-sur-boeme.fr\/index.php?rest_route=\/wp\/v2\/media\/2196"}],"wp:attachment":[{"href":"https:\/\/www.mouthiers-sur-boeme.fr\/index.php?rest_route=%2Fwp%2Fv2%2Fmedia&parent=2199"}],"wp:term":[{"taxonomy":"category","embeddable":true,"href":"https:\/\/www.mouthiers-sur-boeme.fr\/index.php?rest_route=%2Fwp%2Fv2%2Fcategories&post=2199"},{"taxonomy":"post_tag","embeddable":true,"href":"https:\/\/www.mouthiers-sur-boeme.fr\/index.php?rest_route=%2Fwp%2Fv2%2Ftags&post=2199"}],"curies":[{"name":"wp","href":"https:\/\/api.w.org\/{rel}","templated":true}]}}