{"id":2221,"date":"2014-12-10T22:44:57","date_gmt":"2014-12-10T21:44:57","guid":{"rendered":"https:\/\/www.mouthiers-sur-boeme.fr\/?p=2221"},"modified":"2014-12-12T20:20:53","modified_gmt":"2014-12-12T19:20:53","slug":"les-jeunes-nous-donnent-une-lecon","status":"publish","type":"post","link":"https:\/\/www.mouthiers-sur-boeme.fr\/?p=2221","title":{"rendered":"Les jeunes nous donnent une le\u00e7on."},"content":{"rendered":"<p><a href=\"https:\/\/www.mouthiers-sur-boeme.fr\/wp-content\/uploads\/2014\/10\/chevaux2-rduite.jpg\"><img loading=\"lazy\" class=\"alignnone size-medium wp-image-2089\" src=\"https:\/\/www.mouthiers-sur-boeme.fr\/wp-content\/uploads\/2014\/10\/chevaux2-rduite-216x300.jpg\" alt=\"chevaux2 rduite\" width=\"216\" height=\"300\" srcset=\"https:\/\/www.mouthiers-sur-boeme.fr\/wp-content\/uploads\/2014\/10\/chevaux2-rduite-216x300.jpg 216w, https:\/\/www.mouthiers-sur-boeme.fr\/wp-content\/uploads\/2014\/10\/chevaux2-rduite.jpg 606w\" sizes=\"(max-width: 216px) 100vw, 216px\" \/><\/a><\/p>\n<p>Avec 78,5 % de votants, nos jeunes nous ont donn\u00e9 samedi, une vraie le\u00e7on de civisme.<!--more--><\/p>\n<p>En effet, le 6 d\u00e9cembre, entre 9h00 et midi, nous avons vu 61 \u00e9lecteurs, dont un avec une procuration, se mobiliser pour \u00e9lire leurs repr\u00e9sentants au Conseil Municipal des jeunes, Tous ont pris leur geste tr\u00e8s au s\u00e9rieux. Certains sont rest\u00e9s au d\u00e9pouillement, se sont investis dans la fonction de scrutateur, et ont d\u00e9nombr\u00e9 les votes.<\/p>\n<p>Pour en savoir plus :<\/p>\n<p><a href=\"http:\/\/www.vie-publique.fr\/decouverte-institutions\/citoyen\/participation\/voter\/bureau-vote\/qu-est-ce-qu-depouillement.html\" target=\"_blank\">http:\/\/www.vie-publique.fr\/decouverte-institutions\/citoyen\/participation\/voter\/bureau-vote\/qu-est-ce-qu-depouillement.html<\/a><\/p>\n<p>15 candidats vont donc maintenant\u00a0 travailler sur les projets qu&rsquo;ils ont port\u00e9s et qu&rsquo;ils veulent voir aboutir.<\/p>\n<p>Ils se r\u00e9uniront lors d&rsquo;un premier conseil vendredi 12 d\u00e9cembre \u00e0 18h00, afin de d\u00e9finir les commissions qui mettront\u00a0 en \u0153uvre leurs actions. Ils seront soutenus pour cela par les membres de la commission Enfance Jeunesse et par une animatrice d&rsquo;Effervescentre, Oc\u00e9ane Ramm.<\/p>\n<p>Les 8 \u00e9lues :<\/p>\n<p>Aurore B\u0153uf, Opaline Chagnaud, \u00c9lina Da Ros, Ma\u00eblys Da Ros, Capucine Dubois, Pauline Monteiro, Clara Moreau,\u00a0Gis\u00e8le Porte.<\/p>\n<p>Les 7 \u00e9lus :<\/p>\n<p>Alexandre Faye, Mathis Noble, Angel Orgaz, Louis Peschet, Simon Sardin, Hugo Soulet, Alexis Troussicot.<\/p>\n<p>Une petite pens\u00e9e de soutien aux 23 candidats non \u00e9lus :\u00a0 la dure loi de la d\u00e9mocratie les a sans doute \u00e9prouv\u00e9s. Nous esp\u00e9rons qu&rsquo;ils trouveront quand m\u00eame le moyen de s&rsquo;engager aux c\u00f4t\u00e9s de leurs repr\u00e9sentants.<\/p>\n<p><a title=\"Article sud-ouest\" href=\"http:\/\/www.sudouest.fr\/2014\/12\/09\/les-jeunes-ont-vote-1762009-1013.php\" target=\"_blank\">http:\/\/www.sudouest.fr\/2014\/12\/09\/les-jeunes-ont-vote-1762009-1013.php<\/a><\/p>\n","protected":false},"excerpt":{"rendered":"<p>Avec 78,5 % de votants, nos jeunes nous ont donn\u00e9 samedi, une vraie le\u00e7on de civisme.<\/p>\n","protected":false},"author":22,"featured_media":0,"comment_status":"open","ping_status":"open","sticky":false,"template":"","format":"standard","meta":[],"categories":[30,13,16],"tags":[25],"_links":{"self":[{"href":"https:\/\/www.mouthiers-sur-boeme.fr\/index.php?rest_route=\/wp\/v2\/posts\/2221"}],"collection":[{"href":"https:\/\/www.mouthiers-sur-boeme.fr\/index.php?rest_route=\/wp\/v2\/posts"}],"about":[{"href":"https:\/\/www.mouthiers-sur-boeme.fr\/index.php?rest_route=\/wp\/v2\/types\/post"}],"author":[{"embeddable":true,"href":"https:\/\/www.mouthiers-sur-boeme.fr\/index.php?rest_route=\/wp\/v2\/users\/22"}],"replies":[{"embeddable":true,"href":"https:\/\/www.mouthiers-sur-boeme.fr\/index.php?rest_route=%2Fwp%2Fv2%2Fcomments&post=2221"}],"version-history":[{"count":8,"href":"https:\/\/www.mouthiers-sur-boeme.fr\/index.php?rest_route=\/wp\/v2\/posts\/2221\/revisions"}],"predecessor-version":[{"id":2240,"href":"https:\/\/www.mouthiers-sur-boeme.fr\/index.php?rest_route=\/wp\/v2\/posts\/2221\/revisions\/2240"}],"wp:attachment":[{"href":"https:\/\/www.mouthiers-sur-boeme.fr\/index.php?rest_route=%2Fwp%2Fv2%2Fmedia&parent=2221"}],"wp:term":[{"taxonomy":"category","embeddable":true,"href":"https:\/\/www.mouthiers-sur-boeme.fr\/index.php?rest_route=%2Fwp%2Fv2%2Fcategories&post=2221"},{"taxonomy":"post_tag","embeddable":true,"href":"https:\/\/www.mouthiers-sur-boeme.fr\/index.php?rest_route=%2Fwp%2Fv2%2Ftags&post=2221"}],"curies":[{"name":"wp","href":"https:\/\/api.w.org\/{rel}","templated":true}]}}