{"id":2229,"date":"2014-12-17T09:03:42","date_gmt":"2014-12-17T08:03:42","guid":{"rendered":"https:\/\/www.mouthiers-sur-boeme.fr\/?p=2229"},"modified":"2014-12-17T09:18:59","modified_gmt":"2014-12-17T08:18:59","slug":"championnat-interregional-individuel-de-grs","status":"publish","type":"post","link":"https:\/\/www.mouthiers-sur-boeme.fr\/?p=2229","title":{"rendered":"Championnat Interr\u00e9gional individuel de GRS"},"content":{"rendered":"<p>Samedi\u00a0 6 et\u00a0 dimanche 7 \u00a0d\u00e9cembre a eu lieu\u00a0 le\u00a0 championnat<br \/>\nInterr\u00e9gional Ufolep 2014 de Gymnastique rythmique et sportive \u00e0 la\u00a0\u00a0 Salle\u00a0 Omnisports de\u00a0\u00a0 Mouthiers.\u00a0\u00a0 Cette \u00a0 comp\u00e9tition \u00a0 \u00e9tait<br \/>\nqualificative \u00a0 pour le\u00a0 championnat\u00a0 national \u00a0 individuel\u00a0 qui \u00a0 se<br \/>\nd\u00e9roulera les 24 et 25 janvier \u00e0 Fontenay-le-Fleury (78).<\/p>\n<p><!--more--><\/p>\n<p>Sur ces deux jours, Mouthiers-sur-Bo\u00ebme a accueilli 180 gymnastes de 11 clubs venant de trois r\u00e9gions\u00a0: d&rsquo;Aquitaine, du Limousin et du Poitou-Charentes.\u00a0La comp\u00e9tition a mobilis\u00e9 une cinquantaine de juges,\u00a0 r\u00e9partis\u00a0 en\u00a0 quatre\u00a0 jurys\u00a0 ainsi qu\u2019une\u00a0 cinquantaine \u00a0 de<br \/>\nb\u00e9n\u00e9voles\u00a0 n\u00e9cessaires\u00a0 au\u00a0 bon\u00a0 fonctionnement\u00a0 de ce week-end<br \/>\nsportif.<\/p>\n<p><a href=\"https:\/\/www.mouthiers-sur-boeme.fr\/wp-content\/uploads\/2014\/12\/tous-ensemble.jpg\"><img loading=\"lazy\" class=\"alignnone  wp-image-2261\" src=\"https:\/\/www.mouthiers-sur-boeme.fr\/wp-content\/uploads\/2014\/12\/tous-ensemble-300x199.jpg\" alt=\"tous ensemble\" width=\"485\" height=\"322\" srcset=\"https:\/\/www.mouthiers-sur-boeme.fr\/wp-content\/uploads\/2014\/12\/tous-ensemble-300x199.jpg 300w, https:\/\/www.mouthiers-sur-boeme.fr\/wp-content\/uploads\/2014\/12\/tous-ensemble.jpg 723w\" sizes=\"(max-width: 485px) 100vw, 485px\" \/><\/a><\/p>\n<p>Pour la\u00a0 restauration,\u00a0 l\u2019organisation\u00a0 s\u2019est permis de\u00a0 proposer un<br \/>\nrougail-saucisse ( plat r\u00e9unionnais ), de la soupe aux oignons ou du vin chaud \u00e0 la cannelle aux nombreux spectateurs venus encourag\u00e9s leur\u00a0 \u00e9quipe.<\/p>\n<p>La section GRS de Mouthiers \u00e0 pr\u00e9senter les 13 gymnastes en Excellence 17 et 18 , Excellence 15 et \u00a016 ,Honneur 17 et + , Honneur 15 et 16 s\u00e9rie A et \u00a0B , Honneur 13 et 14 s\u00e9rie A et \u00a0B , Honneur 11 et 12 s\u00e9rie B.<br \/>\nNos gymnastes n&rsquo;ont pas d\u00e9m\u00e9rit\u00e9, mais elles ne se sont pas qualifi\u00e9es pour le national.<br \/>\nLes meilleures performances ont \u00e9t\u00e9 obtenues par Audrey Boutiller, qui a termin\u00e9 \u00e0 la 4e place dans la cat\u00e9gorie Honneur 11-12 ans, et Alice Blanchard, \u00e9galement au pied du podium dans la cat\u00e9gorie Excellence 15-16 ans. Nina Gaillard en Honneur 13-14 Ans , dont la 6e place lui fait rater sa qualification au national de peu.<\/p>\n<p><a href=\"https:\/\/www.mouthiers-sur-boeme.fr\/wp-content\/uploads\/2014\/12\/2014-12-06-18.11.32-.jpg\"><img loading=\"lazy\" class=\"alignnone size-medium wp-image-2258\" src=\"https:\/\/www.mouthiers-sur-boeme.fr\/wp-content\/uploads\/2014\/12\/2014-12-06-18.11.32--300x199.jpg\" alt=\"2014-12-06 18.11.32\" width=\"300\" height=\"199\" srcset=\"https:\/\/www.mouthiers-sur-boeme.fr\/wp-content\/uploads\/2014\/12\/2014-12-06-18.11.32--300x199.jpg 300w, https:\/\/www.mouthiers-sur-boeme.fr\/wp-content\/uploads\/2014\/12\/2014-12-06-18.11.32-.jpg 723w\" sizes=\"(max-width: 300px) 100vw, 300px\" \/><\/a><\/p>\n<p>Elisabeth Lebecque, qui anime la section GRS de la MJC Jules-Berry, dans son discours de remerciement que dans\u00a0 <em>la GRS<\/em> \u00ab <em>\u00a0<\/em>nous \u00e9tions d&rsquo;avant-garde dans le dessin des nouvelles r\u00e9gions \u00bb.<br \/>\nLe palmar\u00e8s a \u00e9t\u00e9 \u00e9gaill\u00e9 par les moins de 11 ans du club, d\u00e9guis\u00e9es en lutins de Saint-Nicolas, qui ont apport\u00e9 les m\u00e9dailles et des p\u00e8res NO\u00cbL en chocolat pour toutes les gymnastes.<\/p>\n<p><img loading=\"lazy\" class=\"alignnone size-medium wp-image-2259\" src=\"https:\/\/www.mouthiers-sur-boeme.fr\/wp-content\/uploads\/2014\/12\/2014-12-07-18.46.50--300x199.jpg\" alt=\"2014-12-07 18.46.50\" width=\"300\" height=\"199\" srcset=\"https:\/\/www.mouthiers-sur-boeme.fr\/wp-content\/uploads\/2014\/12\/2014-12-07-18.46.50--300x199.jpg 300w, https:\/\/www.mouthiers-sur-boeme.fr\/wp-content\/uploads\/2014\/12\/2014-12-07-18.46.50-.jpg 723w\" sizes=\"(max-width: 300px) 100vw, 300px\" \/><\/p>\n<p>Nos filles doivent maintenant se pr\u00e9parer pour la Comp\u00e9tition interd\u00e9partementale en \u00e9quipe qui se d\u00e9roulera le 15 mars 2015 \u00e0\u00a0 Beaune Les Mines\u00a0(87).<\/p>\n<p><a href=\"http:\/\/www.klubasso.fr\/accueil\/accueil.php?idc=16S4\">lien vers le site de la GRS de Mouthiers<\/a><\/p>\n<p>&nbsp;<\/p>\n","protected":false},"excerpt":{"rendered":"<p>Samedi\u00a0 6 et\u00a0 dimanche 7 \u00a0d\u00e9cembre a eu lieu\u00a0 le\u00a0 championnat Interr\u00e9gional Ufolep 2014 de Gymnastique rythmique et sportive \u00e0 la\u00a0\u00a0 Salle\u00a0 Omnisports de\u00a0\u00a0 Mouthiers.\u00a0\u00a0 Cette \u00a0 comp\u00e9tition \u00a0 \u00e9tait qualificative \u00a0 pour le\u00a0 championnat\u00a0 national \u00a0 individuel\u00a0 qui \u00a0 se d\u00e9roulera les 24 et 25 janvier \u00e0 Fontenay-le-Fleury (78).<\/p>\n","protected":false},"author":22,"featured_media":2260,"comment_status":"open","ping_status":"open","sticky":false,"template":"","format":"standard","meta":[],"categories":[7,12],"tags":[],"_links":{"self":[{"href":"https:\/\/www.mouthiers-sur-boeme.fr\/index.php?rest_route=\/wp\/v2\/posts\/2229"}],"collection":[{"href":"https:\/\/www.mouthiers-sur-boeme.fr\/index.php?rest_route=\/wp\/v2\/posts"}],"about":[{"href":"https:\/\/www.mouthiers-sur-boeme.fr\/index.php?rest_route=\/wp\/v2\/types\/post"}],"author":[{"embeddable":true,"href":"https:\/\/www.mouthiers-sur-boeme.fr\/index.php?rest_route=\/wp\/v2\/users\/22"}],"replies":[{"embeddable":true,"href":"https:\/\/www.mouthiers-sur-boeme.fr\/index.php?rest_route=%2Fwp%2Fv2%2Fcomments&post=2229"}],"version-history":[{"count":14,"href":"https:\/\/www.mouthiers-sur-boeme.fr\/index.php?rest_route=\/wp\/v2\/posts\/2229\/revisions"}],"predecessor-version":[{"id":2264,"href":"https:\/\/www.mouthiers-sur-boeme.fr\/index.php?rest_route=\/wp\/v2\/posts\/2229\/revisions\/2264"}],"wp:featuredmedia":[{"embeddable":true,"href":"https:\/\/www.mouthiers-sur-boeme.fr\/index.php?rest_route=\/wp\/v2\/media\/2260"}],"wp:attachment":[{"href":"https:\/\/www.mouthiers-sur-boeme.fr\/index.php?rest_route=%2Fwp%2Fv2%2Fmedia&parent=2229"}],"wp:term":[{"taxonomy":"category","embeddable":true,"href":"https:\/\/www.mouthiers-sur-boeme.fr\/index.php?rest_route=%2Fwp%2Fv2%2Fcategories&post=2229"},{"taxonomy":"post_tag","embeddable":true,"href":"https:\/\/www.mouthiers-sur-boeme.fr\/index.php?rest_route=%2Fwp%2Fv2%2Ftags&post=2229"}],"curies":[{"name":"wp","href":"https:\/\/api.w.org\/{rel}","templated":true}]}}