{"id":2248,"date":"2014-12-14T08:14:23","date_gmt":"2014-12-14T07:14:23","guid":{"rendered":"https:\/\/www.mouthiers-sur-boeme.fr\/?p=2248"},"modified":"2014-12-14T08:14:23","modified_gmt":"2014-12-14T07:14:23","slug":"remise-des-prix-concours-lire-en-fete-tam-tam-couleurs-2014","status":"publish","type":"post","link":"https:\/\/www.mouthiers-sur-boeme.fr\/?p=2248","title":{"rendered":"Remise des prix &#8211; concours lire en f\u00eate : Tam-Tam couleurs 2014"},"content":{"rendered":"<figure id=\"attachment_2249\" aria-describedby=\"caption-attachment-2249\" style=\"width: 300px\" class=\"wp-caption aligncenter\"><a href=\"https:\/\/www.mouthiers-sur-boeme.fr\/wp-content\/uploads\/2014\/12\/2014-12-05-19.00.55.jpg\"><img loading=\"lazy\" class=\"wp-image-2249 size-medium\" src=\"https:\/\/www.mouthiers-sur-boeme.fr\/wp-content\/uploads\/2014\/12\/2014-12-05-19.00.55-300x198.jpg\" alt=\"Lire f\u00eate 2014 - Travaux des \u00e9l\u00e8ves - Photo. Alain Porte\" width=\"300\" height=\"198\" srcset=\"https:\/\/www.mouthiers-sur-boeme.fr\/wp-content\/uploads\/2014\/12\/2014-12-05-19.00.55-300x198.jpg 300w, https:\/\/www.mouthiers-sur-boeme.fr\/wp-content\/uploads\/2014\/12\/2014-12-05-19.00.55-1024x679.jpg 1024w\" sizes=\"(max-width: 300px) 100vw, 300px\" \/><\/a><figcaption id=\"caption-attachment-2249\" class=\"wp-caption-text\">Lire f\u00eate 2014 &#8211; Travaux des \u00e9l\u00e8ves &#8211; Photo. Alain Porte<\/figcaption><\/figure>\n<figure id=\"attachment_2250\" aria-describedby=\"caption-attachment-2250\" style=\"width: 198px\" class=\"wp-caption aligncenter\"><a href=\"https:\/\/www.mouthiers-sur-boeme.fr\/wp-content\/uploads\/2014\/12\/2014-12-05-19.01.09.jpg\"><img loading=\"lazy\" class=\"wp-image-2250 size-medium\" src=\"https:\/\/www.mouthiers-sur-boeme.fr\/wp-content\/uploads\/2014\/12\/2014-12-05-19.01.09-198x300.jpg\" alt=\"Lire en f\u00eate 2014 - Travaux des \u00e9l\u00e8ves. Photo. Alain Porte\" width=\"198\" height=\"300\" srcset=\"https:\/\/www.mouthiers-sur-boeme.fr\/wp-content\/uploads\/2014\/12\/2014-12-05-19.01.09-198x300.jpg 198w, https:\/\/www.mouthiers-sur-boeme.fr\/wp-content\/uploads\/2014\/12\/2014-12-05-19.01.09-679x1024.jpg 679w, https:\/\/www.mouthiers-sur-boeme.fr\/wp-content\/uploads\/2014\/12\/2014-12-05-19.01.09.jpg 1496w\" sizes=\"(max-width: 198px) 100vw, 198px\" \/><\/a><figcaption id=\"caption-attachment-2250\" class=\"wp-caption-text\">Lire en f\u00eate 2014 &#8211; Travaux des \u00e9l\u00e8ves. Photo. Alain Porte<\/figcaption><\/figure>\n<p>Vendredi 5 d\u00e9cembre 2014, salle Gilles Ploquin.<\/p>\n<p>La remise des prix du concours lire en f\u00eate a \u00e9t\u00e9 un moment fort et enrichissant. Nous avons admir\u00e9 les travaux des diff\u00e9rentes classes des \u00e9coles maternelle et El\u00e9mentaire (poup\u00e9es, masques, carnets de voyage, animaux etc), nous ont transport\u00e9 en Afrique.<!--more-->Concours lire en f\u00eate pour l&rsquo;\u00e9cole maternelle : prix remis \u00e0 la classe de Pascal Lambert (14 participants).<\/p>\n<p>Concours lire en f\u00eate pour l&rsquo;\u00e9cole \u00e9l\u00e9mentaire : prix remis \u00e0 la classe d&rsquo;Annie Renard (22 participants).<\/p>\n<p>Prix exceptionnel : remise d&rsquo;un ouvrage de litt\u00e9rature enfantine d&rsquo;auteurs et illustrateurs africains, \u00e9dit\u00e9s en vendus au profit d&rsquo;une association humanitaire du Burkina Faso. Un ouvrage par classe a \u00e9t\u00e9 remis.<\/p>\n<p>Chaque enfant ayant particip\u00e9 au concours lire en f\u00eate a re\u00e7u un livre ; c&rsquo;est no\u00ebl avant l&rsquo;heure.<\/p>\n<p>Une chorale dirig\u00e9e par Annie Renard et Henri-Renaud Porte nous a emmen\u00e9 en Afrique du Sud pendant quelques minutes.<\/p>\n<p>&nbsp;<\/p>\n<figure id=\"attachment_2251\" aria-describedby=\"caption-attachment-2251\" style=\"width: 300px\" class=\"wp-caption aligncenter\"><a href=\"https:\/\/www.mouthiers-sur-boeme.fr\/wp-content\/uploads\/2014\/12\/2014-12-05-19.52.11.jpg\"><img loading=\"lazy\" class=\"wp-image-2251 size-medium\" src=\"https:\/\/www.mouthiers-sur-boeme.fr\/wp-content\/uploads\/2014\/12\/2014-12-05-19.52.11-300x198.jpg\" alt=\"Remise des prix concours lire en f\u00eate 2014. Photo. Delphine Lamy\" width=\"300\" height=\"198\" srcset=\"https:\/\/www.mouthiers-sur-boeme.fr\/wp-content\/uploads\/2014\/12\/2014-12-05-19.52.11-300x198.jpg 300w, https:\/\/www.mouthiers-sur-boeme.fr\/wp-content\/uploads\/2014\/12\/2014-12-05-19.52.11-1024x679.jpg 1024w\" sizes=\"(max-width: 300px) 100vw, 300px\" \/><\/a><figcaption id=\"caption-attachment-2251\" class=\"wp-caption-text\">Remise des prix concours lire en f\u00eate 2014. Photo. Delphine Lamy<\/figcaption><\/figure>\n<p>Merci encore \u00e0 toutes et tous, les enseignants, les enfants, les parents, la MJC, la m\u00e9diath\u00e8que, et j&rsquo;en oublie, pour ce moment chaleureux.<\/p>\n<p>&nbsp;<\/p>\n","protected":false},"excerpt":{"rendered":"<p>Vendredi 5 d\u00e9cembre 2014, salle Gilles Ploquin. La remise des prix du concours lire en f\u00eate a \u00e9t\u00e9 un moment fort et enrichissant. Nous avons admir\u00e9 les travaux des diff\u00e9rentes classes des \u00e9coles maternelle et El\u00e9mentaire (poup\u00e9es, masques, carnets de voyage, animaux etc), nous ont transport\u00e9 en Afrique.<\/p>\n","protected":false},"author":22,"featured_media":0,"comment_status":"open","ping_status":"open","sticky":false,"template":"","format":"standard","meta":[],"categories":[20,12],"tags":[],"_links":{"self":[{"href":"https:\/\/www.mouthiers-sur-boeme.fr\/index.php?rest_route=\/wp\/v2\/posts\/2248"}],"collection":[{"href":"https:\/\/www.mouthiers-sur-boeme.fr\/index.php?rest_route=\/wp\/v2\/posts"}],"about":[{"href":"https:\/\/www.mouthiers-sur-boeme.fr\/index.php?rest_route=\/wp\/v2\/types\/post"}],"author":[{"embeddable":true,"href":"https:\/\/www.mouthiers-sur-boeme.fr\/index.php?rest_route=\/wp\/v2\/users\/22"}],"replies":[{"embeddable":true,"href":"https:\/\/www.mouthiers-sur-boeme.fr\/index.php?rest_route=%2Fwp%2Fv2%2Fcomments&post=2248"}],"version-history":[{"count":1,"href":"https:\/\/www.mouthiers-sur-boeme.fr\/index.php?rest_route=\/wp\/v2\/posts\/2248\/revisions"}],"predecessor-version":[{"id":2252,"href":"https:\/\/www.mouthiers-sur-boeme.fr\/index.php?rest_route=\/wp\/v2\/posts\/2248\/revisions\/2252"}],"wp:attachment":[{"href":"https:\/\/www.mouthiers-sur-boeme.fr\/index.php?rest_route=%2Fwp%2Fv2%2Fmedia&parent=2248"}],"wp:term":[{"taxonomy":"category","embeddable":true,"href":"https:\/\/www.mouthiers-sur-boeme.fr\/index.php?rest_route=%2Fwp%2Fv2%2Fcategories&post=2248"},{"taxonomy":"post_tag","embeddable":true,"href":"https:\/\/www.mouthiers-sur-boeme.fr\/index.php?rest_route=%2Fwp%2Fv2%2Ftags&post=2248"}],"curies":[{"name":"wp","href":"https:\/\/api.w.org\/{rel}","templated":true}]}}