{"id":2253,"date":"2014-12-14T08:40:05","date_gmt":"2014-12-14T07:40:05","guid":{"rendered":"https:\/\/www.mouthiers-sur-boeme.fr\/?p=2253"},"modified":"2014-12-14T08:40:05","modified_gmt":"2014-12-14T07:40:05","slug":"le-pere-noel-a-la-mediatheque","status":"publish","type":"post","link":"https:\/\/www.mouthiers-sur-boeme.fr\/?p=2253","title":{"rendered":"Le p\u00e8re no\u00ebl \u00e0 la m\u00e9diath\u00e8que ?"},"content":{"rendered":"<p>Surprise : Il y a quelques jours nous avons re\u00e7u un courrier du p\u00e8re no\u00ebl (voir la photographie)<\/p>\n<figure id=\"attachment_2255\" aria-describedby=\"caption-attachment-2255\" style=\"width: 300px\" class=\"wp-caption aligncenter\"><a href=\"https:\/\/www.mouthiers-sur-boeme.fr\/wp-content\/uploads\/2014\/12\/noel.jpg\"><img loading=\"lazy\" class=\"wp-image-2255 size-medium\" src=\"https:\/\/www.mouthiers-sur-boeme.fr\/wp-content\/uploads\/2014\/12\/noel-300x107.jpg\" alt=\"Lettre du p\u00e8re no\u00ebl. \" width=\"300\" height=\"107\" srcset=\"https:\/\/www.mouthiers-sur-boeme.fr\/wp-content\/uploads\/2014\/12\/noel-300x107.jpg 300w, https:\/\/www.mouthiers-sur-boeme.fr\/wp-content\/uploads\/2014\/12\/noel-1024x366.jpg 1024w, https:\/\/www.mouthiers-sur-boeme.fr\/wp-content\/uploads\/2014\/12\/noel.jpg 1968w\" sizes=\"(max-width: 300px) 100vw, 300px\" \/><\/a><figcaption id=\"caption-attachment-2255\" class=\"wp-caption-text\">Lettre du p\u00e8re no\u00ebl.<\/figcaption><\/figure>\n<p>&nbsp;<\/p>\n<p>Nous aussi, nous esp\u00e9rons vous voir nombreux. A mercredi.<\/p>\n<p>&nbsp;<\/p>\n","protected":false},"excerpt":{"rendered":"<p>Surprise : Il y a quelques jours nous avons re\u00e7u un courrier du p\u00e8re no\u00ebl (voir la photographie) &nbsp; Nous aussi, nous esp\u00e9rons vous voir nombreux. A mercredi. &nbsp;<\/p>\n","protected":false},"author":22,"featured_media":0,"comment_status":"open","ping_status":"open","sticky":false,"template":"","format":"standard","meta":[],"categories":[20],"tags":[],"_links":{"self":[{"href":"https:\/\/www.mouthiers-sur-boeme.fr\/index.php?rest_route=\/wp\/v2\/posts\/2253"}],"collection":[{"href":"https:\/\/www.mouthiers-sur-boeme.fr\/index.php?rest_route=\/wp\/v2\/posts"}],"about":[{"href":"https:\/\/www.mouthiers-sur-boeme.fr\/index.php?rest_route=\/wp\/v2\/types\/post"}],"author":[{"embeddable":true,"href":"https:\/\/www.mouthiers-sur-boeme.fr\/index.php?rest_route=\/wp\/v2\/users\/22"}],"replies":[{"embeddable":true,"href":"https:\/\/www.mouthiers-sur-boeme.fr\/index.php?rest_route=%2Fwp%2Fv2%2Fcomments&post=2253"}],"version-history":[{"count":1,"href":"https:\/\/www.mouthiers-sur-boeme.fr\/index.php?rest_route=\/wp\/v2\/posts\/2253\/revisions"}],"predecessor-version":[{"id":2256,"href":"https:\/\/www.mouthiers-sur-boeme.fr\/index.php?rest_route=\/wp\/v2\/posts\/2253\/revisions\/2256"}],"wp:attachment":[{"href":"https:\/\/www.mouthiers-sur-boeme.fr\/index.php?rest_route=%2Fwp%2Fv2%2Fmedia&parent=2253"}],"wp:term":[{"taxonomy":"category","embeddable":true,"href":"https:\/\/www.mouthiers-sur-boeme.fr\/index.php?rest_route=%2Fwp%2Fv2%2Fcategories&post=2253"},{"taxonomy":"post_tag","embeddable":true,"href":"https:\/\/www.mouthiers-sur-boeme.fr\/index.php?rest_route=%2Fwp%2Fv2%2Ftags&post=2253"}],"curies":[{"name":"wp","href":"https:\/\/api.w.org\/{rel}","templated":true}]}}