{"id":2283,"date":"2015-01-08T10:04:51","date_gmt":"2015-01-08T09:04:51","guid":{"rendered":"https:\/\/www.mouthiers-sur-boeme.fr\/?p=2283"},"modified":"2015-01-14T14:28:47","modified_gmt":"2015-01-14T13:28:47","slug":"nous-sommes-charlie","status":"publish","type":"post","link":"https:\/\/www.mouthiers-sur-boeme.fr\/?p=2283","title":{"rendered":"NOUS SOMMES CHARLIE"},"content":{"rendered":"<p><a href=\"http:\/\/www.tuxboard.com\/hommage-dessinateurs-cabu-charb-tignous-et-wolinski\/canards-volent-plus-haut-que-les-fusils\/\" rel=\"attachment wp-att-238053\"><img loading=\"lazy\" class=\"aligncenter size-full wp-image-238053\" src=\"http:\/\/www.tuxboard.com\/photos\/2015\/01\/canards-volent-plus-haut-que-les-fusils.jpg\" alt=\"canards volent plus haut que les fusils\" width=\"599\" height=\"600\" \/><\/a><\/p>\n<p>Affectueuse pens\u00e9e pour les familles des victimes assassin\u00e9es pour la libert\u00e9 d&rsquo;expression<\/p>\n<p>Le maire et le conseil Municipal<\/p>\n","protected":false},"excerpt":{"rendered":"<p>Affectueuse pens\u00e9e pour les familles des victimes assassin\u00e9es pour la libert\u00e9 d&rsquo;expression Le maire et le conseil Municipal<\/p>\n","protected":false},"author":22,"featured_media":0,"comment_status":"open","ping_status":"open","sticky":false,"template":"","format":"image","meta":[],"categories":[9],"tags":[],"_links":{"self":[{"href":"https:\/\/www.mouthiers-sur-boeme.fr\/index.php?rest_route=\/wp\/v2\/posts\/2283"}],"collection":[{"href":"https:\/\/www.mouthiers-sur-boeme.fr\/index.php?rest_route=\/wp\/v2\/posts"}],"about":[{"href":"https:\/\/www.mouthiers-sur-boeme.fr\/index.php?rest_route=\/wp\/v2\/types\/post"}],"author":[{"embeddable":true,"href":"https:\/\/www.mouthiers-sur-boeme.fr\/index.php?rest_route=\/wp\/v2\/users\/22"}],"replies":[{"embeddable":true,"href":"https:\/\/www.mouthiers-sur-boeme.fr\/index.php?rest_route=%2Fwp%2Fv2%2Fcomments&post=2283"}],"version-history":[{"count":2,"href":"https:\/\/www.mouthiers-sur-boeme.fr\/index.php?rest_route=\/wp\/v2\/posts\/2283\/revisions"}],"predecessor-version":[{"id":2285,"href":"https:\/\/www.mouthiers-sur-boeme.fr\/index.php?rest_route=\/wp\/v2\/posts\/2283\/revisions\/2285"}],"wp:attachment":[{"href":"https:\/\/www.mouthiers-sur-boeme.fr\/index.php?rest_route=%2Fwp%2Fv2%2Fmedia&parent=2283"}],"wp:term":[{"taxonomy":"category","embeddable":true,"href":"https:\/\/www.mouthiers-sur-boeme.fr\/index.php?rest_route=%2Fwp%2Fv2%2Fcategories&post=2283"},{"taxonomy":"post_tag","embeddable":true,"href":"https:\/\/www.mouthiers-sur-boeme.fr\/index.php?rest_route=%2Fwp%2Fv2%2Ftags&post=2283"}],"curies":[{"name":"wp","href":"https:\/\/api.w.org\/{rel}","templated":true}]}}