{"id":2456,"date":"2015-02-24T12:12:09","date_gmt":"2015-02-24T11:12:09","guid":{"rendered":"https:\/\/www.mouthiers-sur-boeme.fr\/?p=2456"},"modified":"2015-02-25T18:38:50","modified_gmt":"2015-02-25T17:38:50","slug":"mouthiers-prepare-son-carnaval","status":"publish","type":"post","link":"https:\/\/www.mouthiers-sur-boeme.fr\/?p=2456","title":{"rendered":"Mouthiers pr\u00e9pare son carnaval"},"content":{"rendered":"<p>Depuis le d\u00e9but du mois de janvier, les membres de l&rsquo;association Carnaval de Mouthiers \u00a0travaillent \u00e0 la \u00a0pr\u00e9paration du \u00a0prochain carnaval dans l&rsquo;ancien club house du club de foot \u00e0 la salle Gilles Ploquin. Tous les samedis, ils se r\u00e9unissent afin de cr\u00e9er les personnages et les costumes que nous utiliserons pendant les 6 carnavals de l&rsquo;intercom\u2019.<br \/>\nLe carnaval est chapeaut\u00e9 par Jean-Luc Cibard et \u00c9lodie Brunaud, du centre social et de la MJC, qui jouent le r\u00f4le de lien entre les \u00e9coles et les associations des diff\u00e9rentes communes de Charente-Bo\u00ebme-Charraud.<\/p>\n<figure id=\"attachment_2444\" aria-describedby=\"caption-attachment-2444\" style=\"width: 300px\" class=\"wp-caption aligncenter\"><a href=\"https:\/\/www.mouthiers-sur-boeme.fr\/wp-content\/uploads\/2015\/02\/assos_carnaval.jpg\"><img loading=\"lazy\" class=\"size-medium wp-image-2444\" src=\"https:\/\/www.mouthiers-sur-boeme.fr\/wp-content\/uploads\/2015\/02\/assos_carnaval-300x225.jpg\" alt=\"F. NOEL\" width=\"300\" height=\"225\" srcset=\"https:\/\/www.mouthiers-sur-boeme.fr\/wp-content\/uploads\/2015\/02\/assos_carnaval-300x225.jpg 300w, https:\/\/www.mouthiers-sur-boeme.fr\/wp-content\/uploads\/2015\/02\/assos_carnaval.jpg 1024w\" sizes=\"(max-width: 300px) 100vw, 300px\" \/><\/a><figcaption id=\"caption-attachment-2444\" class=\"wp-caption-text\">l&rsquo;association carnaval<\/figcaption><\/figure>\n<p>Le th\u00e8me de cette ann\u00e9e est <strong><em>l\u2019explosion des Couleurs !<br \/>\n<\/em><\/strong><\/p>\n<p><em>\u00ab\u00a0Je suis le froid\u00a0! Je suis le vent\u00a0! Je suis la glace\u00a0! Je suis la neige\u00a0!<br \/>\nNous sommes les harmattans, peuple de l\u2019hiver, v\u00eatus d\u2019une cape blanche passant du gris clair, au gris fonc\u00e9\u00a0&#8230;<\/em><\/p>\n<p><!--more--><\/p>\n<figure id=\"attachment_2460\" aria-describedby=\"caption-attachment-2460\" style=\"width: 319px\" class=\"wp-caption alignnone\"><a href=\"https:\/\/www.mouthiers-sur-boeme.fr\/wp-content\/uploads\/2015\/02\/fabrication-dun-harmatan2.jpg\"><img loading=\"lazy\" class=\" wp-image-2460\" src=\"https:\/\/www.mouthiers-sur-boeme.fr\/wp-content\/uploads\/2015\/02\/fabrication-dun-harmatan2-225x300.jpg\" alt=\"F. NOEL\" width=\"319\" height=\"423\" \/><\/a><figcaption id=\"caption-attachment-2460\" class=\"wp-caption-text\">R\u00e9alisation du g\u00e9ant de glace<\/figcaption><\/figure>\n<figure id=\"attachment_2467\" aria-describedby=\"caption-attachment-2467\" style=\"width: 318px\" class=\"wp-caption alignnone\"><a href=\"https:\/\/www.mouthiers-sur-boeme.fr\/wp-content\/uploads\/2015\/02\/les-crayons.jpg\"><img loading=\"lazy\" class=\" wp-image-2467\" src=\"https:\/\/www.mouthiers-sur-boeme.fr\/wp-content\/uploads\/2015\/02\/les-crayons-225x300.jpg\" alt=\"F.NOEL\" width=\"318\" height=\"422\" \/><\/a><figcaption id=\"caption-attachment-2467\" class=\"wp-caption-text\">Jeanne\u00a0 \u00e0 la fabrication d&rsquo;un crayon g\u00e9ant<\/figcaption><\/figure>\n<p><strong><em>\u00a0<\/em><\/strong>Tout commencera le vendredi 13 mars \u00e0 Claix durant le temps scolaire puis le samedi 14 mars, \u00e0 17 heures, \u00e0 Voeuil-et-Giget \u00a0 \u00a0 \u00a0 \u00a0 avec une animation Roller disco et un d\u00e9fil\u00e9.<\/p>\n<p>Le vendredi 20 mars, durant le temps scolaire, Roullet-Saint-Est\u00e8phe fera la f\u00eate et le samedi 21 mars ce sera \u00e0 17 heures \u00e0 Plassac.<br \/>\nLe vendredi 27 mars, ce sera le tour de Sireuil Trois-Palis et Champmillon, encore durant le temps scolaire. Tout se terminera le samedi 28 mars \u00e0 partir de 17 heures \u00e0 Mouthiers avec, apr\u00e8s la grande bataille de confettis, le b\u00fbcher et un ap\u00e9ritif pour les grands et les petits.<\/p>\n<p>Cette ann\u00e9e encore, l\u2019association Carnaval a fait appel \u00e0 une maquilleuse professionnelle, afin d\u2019animer un atelier maquillage o\u00f9 ont \u00e9t\u00e9 convi\u00e9s toutes les associations de parents d&rsquo;\u00e9l\u00e8ves de l\u2019intercommunalit\u00e9.<\/p>\n<p><a href=\"https:\/\/www.mouthiers-sur-boeme.fr\/wp-content\/uploads\/2015\/02\/test2.jpg\"><img loading=\"lazy\" class=\"size-medium wp-image-2445 aligncenter\" src=\"https:\/\/www.mouthiers-sur-boeme.fr\/wp-content\/uploads\/2015\/02\/atelier-300x225.jpg\" alt=\"F. NOEL\" width=\"300\" height=\"225\" srcset=\"https:\/\/www.mouthiers-sur-boeme.fr\/wp-content\/uploads\/2015\/02\/atelier-300x225.jpg 300w, https:\/\/www.mouthiers-sur-boeme.fr\/wp-content\/uploads\/2015\/02\/atelier.jpg 1024w\" sizes=\"(max-width: 300px) 100vw, 300px\" \/><img loading=\"lazy\" class=\"size-medium wp-image-2454 aligncenter\" src=\"https:\/\/www.mouthiers-sur-boeme.fr\/wp-content\/uploads\/2015\/02\/test2-300x225.jpg\" alt=\"F. NOEL\" width=\"300\" height=\"225\" srcset=\"https:\/\/www.mouthiers-sur-boeme.fr\/wp-content\/uploads\/2015\/02\/test2-300x225.jpg 300w, https:\/\/www.mouthiers-sur-boeme.fr\/wp-content\/uploads\/2015\/02\/test2.jpg 1024w\" sizes=\"(max-width: 300px) 100vw, 300px\" \/><\/a><a href=\"https:\/\/www.mouthiers-sur-boeme.fr\/wp-content\/uploads\/2015\/02\/julie-en-action.jpg\"><img loading=\"lazy\" class=\"size-medium wp-image-2449 aligncenter\" src=\"https:\/\/www.mouthiers-sur-boeme.fr\/wp-content\/uploads\/2015\/02\/julie-en-action-300x225.jpg\" alt=\"F. NOEL\" width=\"300\" height=\"225\" srcset=\"https:\/\/www.mouthiers-sur-boeme.fr\/wp-content\/uploads\/2015\/02\/julie-en-action-300x225.jpg 300w, https:\/\/www.mouthiers-sur-boeme.fr\/wp-content\/uploads\/2015\/02\/julie-en-action.jpg 1024w\" sizes=\"(max-width: 300px) 100vw, 300px\" \/><\/a>\u00a0\u00a0\u00a0\u00a0\u00a0\u00a0\u00a0\u00a0\u00a0\u00a0\u00a0\u00a0\u00a0\u00a0\u00a0\u00a0\u00a0\u00a0\u00a0\u00a0\u00a0\u00a0\u00a0\u00a0\u00a0\u00a0\u00a0 atelier maquillage<\/p>\n<p><a title=\"Julie Vives\" href=\"https:\/\/fr-fr.facebook.com\/public\/Julie-Vives\"><strong><em>Julie Vives<\/em><\/strong><\/a> a \u00a0accept\u00e9 \u00a0 de nous \u00a0monter \u00a0quelques \u00a0astuces \u00a0afin \u00a0de r\u00e9aliser des maquillages simples et rapides \u00e0 r\u00e9aliser. Les parents et les enfants pr\u00e9sents \u00a0lors de cette \u00a0journ\u00e9e ont pu essayer plusieurs mod\u00e8les et repartir avec des techniques et des conseils d\u2019une professionnelle.<\/p>\n<figure id=\"attachment_2448\" aria-describedby=\"caption-attachment-2448\" style=\"width: 225px\" class=\"wp-caption aligncenter\"><a href=\"https:\/\/www.mouthiers-sur-boeme.fr\/wp-content\/uploads\/2015\/02\/julie-en-action-2.jpg\"><img loading=\"lazy\" class=\"size-medium wp-image-2448\" src=\"https:\/\/www.mouthiers-sur-boeme.fr\/wp-content\/uploads\/2015\/02\/julie-en-action-2-225x300.jpg\" alt=\"F. NOEL\" width=\"225\" height=\"300\" srcset=\"https:\/\/www.mouthiers-sur-boeme.fr\/wp-content\/uploads\/2015\/02\/julie-en-action-2-225x300.jpg 225w, https:\/\/www.mouthiers-sur-boeme.fr\/wp-content\/uploads\/2015\/02\/julie-en-action-2-768x1024.jpg 768w, https:\/\/www.mouthiers-sur-boeme.fr\/wp-content\/uploads\/2015\/02\/julie-en-action-2.jpg 1024w\" sizes=\"(max-width: 225px) 100vw, 225px\" \/><\/a><figcaption id=\"caption-attachment-2448\" class=\"wp-caption-text\">atelier maquillage<\/figcaption><\/figure>\n<p>Julie en action \u00a0 et son mod\u00e8le .<\/p>\n<p><a href=\"https:\/\/www.mouthiers-sur-boeme.fr\/wp-content\/uploads\/2015\/02\/arc-en-ciel-2.jpg\"><img loading=\"lazy\" class=\" wp-image-2443\" src=\"https:\/\/www.mouthiers-sur-boeme.fr\/wp-content\/uploads\/2015\/02\/arc-en-ciel-2-225x300.jpg\" alt=\"F. NOEL\" width=\"484\" height=\"642\" \/><\/a><\/p>\n<figure id=\"attachment_2451\" aria-describedby=\"caption-attachment-2451\" style=\"width: 493px\" class=\"wp-caption alignnone\"><a href=\"https:\/\/www.mouthiers-sur-boeme.fr\/wp-content\/uploads\/2015\/02\/on-sest-meme-entrain\u00e9-sur-maman.jpg\"><img loading=\"lazy\" class=\" wp-image-2451\" src=\"https:\/\/www.mouthiers-sur-boeme.fr\/wp-content\/uploads\/2015\/02\/on-sest-meme-entrain\u00e9-sur-maman-300x225.jpg\" alt=\"F. NOEL\" width=\"493\" height=\"368\" \/><\/a><figcaption id=\"caption-attachment-2451\" class=\"wp-caption-text\">une m\u00e8re et ses filles maquill\u00e9es<\/figcaption><\/figure>\n<figure id=\"attachment_2453\" aria-describedby=\"caption-attachment-2453\" style=\"width: 481px\" class=\"wp-caption alignnone\"><a href=\"https:\/\/www.mouthiers-sur-boeme.fr\/wp-content\/uploads\/2015\/02\/test.jpg\"><img loading=\"lazy\" class=\" wp-image-2453\" src=\"https:\/\/www.mouthiers-sur-boeme.fr\/wp-content\/uploads\/2015\/02\/test-300x225.jpg\" alt=\"F. NOEL\" width=\"481\" height=\"359\" \/><\/a><figcaption id=\"caption-attachment-2453\" class=\"wp-caption-text\">chaque participant \u00e9tait le mod\u00e8le ou le maquilleur &#8230;<\/figcaption><\/figure>\n<p><a href=\"https:\/\/www.mouthiers-sur-boeme.fr\/wp-content\/uploads\/2015\/02\/papillon_ad\u00e9le.jpg\"><img loading=\"lazy\" class=\"size-medium wp-image-2452\" src=\"https:\/\/www.mouthiers-sur-boeme.fr\/wp-content\/uploads\/2015\/02\/papillon_ad\u00e9le-225x300.jpg\" alt=\"F. NOEL\" width=\"225\" height=\"300\" srcset=\"https:\/\/www.mouthiers-sur-boeme.fr\/wp-content\/uploads\/2015\/02\/papillon_ad\u00e9le-225x300.jpg 225w, https:\/\/www.mouthiers-sur-boeme.fr\/wp-content\/uploads\/2015\/02\/papillon_ad\u00e9le-768x1024.jpg 768w, https:\/\/www.mouthiers-sur-boeme.fr\/wp-content\/uploads\/2015\/02\/papillon_ad\u00e9le.jpg 1024w\" sizes=\"(max-width: 225px) 100vw, 225px\" \/><\/a><\/p>\n<p>Le papillon<\/p>\n<p><a href=\"https:\/\/www.mouthiers-sur-boeme.fr\/wp-content\/uploads\/2015\/02\/fille-arc_en-ciel.jpg\"><img loading=\"lazy\" class=\"size-medium wp-image-2447\" src=\"https:\/\/www.mouthiers-sur-boeme.fr\/wp-content\/uploads\/2015\/02\/fille-arc_en-ciel-225x300.jpg\" alt=\"F. NOEL\" width=\"225\" height=\"300\" srcset=\"https:\/\/www.mouthiers-sur-boeme.fr\/wp-content\/uploads\/2015\/02\/fille-arc_en-ciel-225x300.jpg 225w, https:\/\/www.mouthiers-sur-boeme.fr\/wp-content\/uploads\/2015\/02\/fille-arc_en-ciel.jpg 768w\" sizes=\"(max-width: 225px) 100vw, 225px\" \/><\/a><\/p>\n<p>L&rsquo;arc en ciel<\/p>\n<p>\u00e0 suivre &#8230;<\/p>\n","protected":false},"excerpt":{"rendered":"<p>Depuis le d\u00e9but du mois de janvier, les membres de l&rsquo;association Carnaval de Mouthiers \u00a0travaillent \u00e0 la \u00a0pr\u00e9paration du \u00a0prochain carnaval dans l&rsquo;ancien club house du club de foot \u00e0 la salle Gilles Ploquin. Tous les samedis, ils se r\u00e9unissent afin de cr\u00e9er les personnages et les costumes que nous utiliserons pendant les 6 carnavals &hellip; <a href=\"https:\/\/www.mouthiers-sur-boeme.fr\/?p=2456\" class=\"more-link\">Continuer la lecture de <span class=\"screen-reader-text\">Mouthiers pr\u00e9pare son carnaval<\/span>  <span class=\"meta-nav\">&rarr;<\/span><\/a><\/p>\n","protected":false},"author":22,"featured_media":0,"comment_status":"open","ping_status":"open","sticky":false,"template":"","format":"standard","meta":[],"categories":[12],"tags":[],"_links":{"self":[{"href":"https:\/\/www.mouthiers-sur-boeme.fr\/index.php?rest_route=\/wp\/v2\/posts\/2456"}],"collection":[{"href":"https:\/\/www.mouthiers-sur-boeme.fr\/index.php?rest_route=\/wp\/v2\/posts"}],"about":[{"href":"https:\/\/www.mouthiers-sur-boeme.fr\/index.php?rest_route=\/wp\/v2\/types\/post"}],"author":[{"embeddable":true,"href":"https:\/\/www.mouthiers-sur-boeme.fr\/index.php?rest_route=\/wp\/v2\/users\/22"}],"replies":[{"embeddable":true,"href":"https:\/\/www.mouthiers-sur-boeme.fr\/index.php?rest_route=%2Fwp%2Fv2%2Fcomments&post=2456"}],"version-history":[{"count":17,"href":"https:\/\/www.mouthiers-sur-boeme.fr\/index.php?rest_route=\/wp\/v2\/posts\/2456\/revisions"}],"predecessor-version":[{"id":2543,"href":"https:\/\/www.mouthiers-sur-boeme.fr\/index.php?rest_route=\/wp\/v2\/posts\/2456\/revisions\/2543"}],"wp:attachment":[{"href":"https:\/\/www.mouthiers-sur-boeme.fr\/index.php?rest_route=%2Fwp%2Fv2%2Fmedia&parent=2456"}],"wp:term":[{"taxonomy":"category","embeddable":true,"href":"https:\/\/www.mouthiers-sur-boeme.fr\/index.php?rest_route=%2Fwp%2Fv2%2Fcategories&post=2456"},{"taxonomy":"post_tag","embeddable":true,"href":"https:\/\/www.mouthiers-sur-boeme.fr\/index.php?rest_route=%2Fwp%2Fv2%2Ftags&post=2456"}],"curies":[{"name":"wp","href":"https:\/\/api.w.org\/{rel}","templated":true}]}}