{"id":2463,"date":"2015-02-24T12:00:33","date_gmt":"2015-02-24T11:00:33","guid":{"rendered":"https:\/\/www.mouthiers-sur-boeme.fr\/?p=2463"},"modified":"2015-02-26T22:30:35","modified_gmt":"2015-02-26T21:30:35","slug":"des-ecoliers-au-college","status":"publish","type":"post","link":"https:\/\/www.mouthiers-sur-boeme.fr\/?p=2463","title":{"rendered":"Des \u00e9coliers au coll\u00e8ge"},"content":{"rendered":"<p>&nbsp;<\/p>\n<p>En ce d\u00e9but d&rsquo;ann\u00e9e 2015, durant 5 jeudis d&rsquo;affil\u00e9e, les \u00e9l\u00e8ves de la classe de CM1-CM2 de Mouthiers sur Bo\u00ebme sont all\u00e9s travailler au coll\u00e8ge de La Couronne.<a href=\"https:\/\/www.mouthiers-sur-boeme.fr\/wp-content\/uploads\/2015\/02\/20150122_091338.jpg\"><img loading=\"lazy\" class=\" size-medium wp-image-2466 aligncenter\" src=\"https:\/\/www.mouthiers-sur-boeme.fr\/wp-content\/uploads\/2015\/02\/20150122_091338-300x180.jpg\" alt=\"20150122_091338\" width=\"300\" height=\"180\" srcset=\"https:\/\/www.mouthiers-sur-boeme.fr\/wp-content\/uploads\/2015\/02\/20150122_091338-300x180.jpg 300w, https:\/\/www.mouthiers-sur-boeme.fr\/wp-content\/uploads\/2015\/02\/20150122_091338.jpg 958w\" sizes=\"(max-width: 300px) 100vw, 300px\" \/><\/a><\/p>\n<p style=\"text-align: center;\"><strong>D\u00e9couvrir un nou<\/strong><strong>vel \u00e9tablissement<\/strong><\/p>\n<p style=\"text-align: justify;\">N&rsquo;ayant pu utiliser les bus ramassant les coll\u00e9giens, les \u00e9coliers ont \u00e9t\u00e9 transport\u00e9s par les\u00a0v\u00e9hicules de la commune. \u00c0 leur\u00a0arriv\u00e9e, ils ont \u00e9t\u00e9 accueillis par M. Rafin, professeur de sciences physiques, qui leur a pr\u00e9sent\u00e9 les lieux.<\/p>\n<p style=\"text-align: justify;\">Visite de l&rsquo;administration,\u00a0pr\u00e9sentation des r\u00e8gles de circulation dans les couloirs, mise en rang \u00e0 la fin des r\u00e9cr\u00e9ations&#8230; <!--more-->Les \u00e9l\u00e8ves ont vite acquis les gestes de tout bon coll\u00e9gien. L&rsquo;un des moments forts de ces journ\u00e9es fut le passage au self, car manger au coll\u00e8ge, c&rsquo;est une aventure ! L\u00e0 encore, les \u00e9coliers ont montr\u00e9 avec quelle rapidit\u00e9 ils \u00e9taient capables de s&rsquo;adapter.<\/p>\n<p style=\"text-align: justify;\">Ne restent que le CDI et les permanences qui n&rsquo;ont pu \u00eatre utilis\u00e9s. Une autre fois peut-\u00eatre, car un autre projet se dessine pour la fin de l&rsquo;ann\u00e9e.<\/p>\n<p style=\"text-align: center;\"><strong>Plus qu&rsquo;une\u00a0simple visite<\/strong><\/p>\n<p style=\"text-align: justify;\">Si les \u00e9coliers s&rsquo;\u00e9taient d\u00e9plac\u00e9s, c&rsquo;\u00e9tait avant tout pour travailler. Depuis 3 ans maintenant, les \u00e9l\u00e8ves de CM2 de Mouthiers profitent du mat\u00e9riel de sciences dont dispose le coll\u00e8ge pour \u00e9tudier l\u2019\u00e9lectricit\u00e9. G\u00e9n\u00e9rateur, lampes et supports de lampe, moteurs, D.E.L. et interrupteurs sont ainsi utilis\u00e9s pour mettre en \u00e9vidence les courts-circuits et distinguer les montages en s\u00e9rie de ceux utilisant des d\u00e9rivations. Cette ann\u00e9e, le travail en \u00e9lectricit\u00e9 s&rsquo;est achev\u00e9 par une s\u00e9ance de technologie au cours de laquelle chaque \u00e9colier a assembl\u00e9 une lampe qui lui a ensuite \u00e9t\u00e9 offerte par le coll\u00e8ge.<\/p>\n<p style=\"text-align: justify;\">Les \u00e9l\u00e8ves de CM1-CM2 ont aussi assist\u00e9 \u00e0 un cours de musique men\u00e9 par Mme Campan, professeur d&rsquo;\u00e9ducation musicale au coll\u00e8ge. Durant ces deux heures, leur maitre a pris en charge les \u00e9l\u00e8ves de 4\u00b0 qui ont habituellement cours avec cette enseignante.<\/p>\n<p style=\"text-align: justify;\">Enfin, les \u00e9coliers ont profit\u00e9 d&rsquo;une salle de travaux pratiques de biologie. Ils ont pu assister \u00e0 la dissection d&rsquo;une fressure de porc qui avait pour objectif d&rsquo;observer des poumons.<\/p>\n<p style=\"text-align: center;\"><strong>Un partenariat durable et enrichissant<\/strong><\/p>\n<p style=\"text-align: justify;\">Cette exp\u00e9rience de liaison entre le cours moyen et la sixi\u00e8me pr\u00e9sente plusieurs int\u00e9r\u00eats. Bien s\u00fbr, cela\u00a0pr\u00e9pare les \u00e9l\u00e8ves \u00e0 leur future vie de coll\u00e9giens.\u00a0Ils sont aussi rassur\u00e9s en constatant que les rumeurs qui circulent dans la cour de l&rsquo;\u00e9cole au sujet du coll\u00e8ge ne sont\u00a0pas fond\u00e9es. En plus de cette d\u00e9couverte, ils profitent des \u00e9quipements du secondaire et\u00a0suivent des s\u00e9ances difficiles \u00e0 mettre en \u0153uvre dans\u00a0 leur classe habituelle.\u00a0 Ces \u00e9changes sont aussi l&rsquo;occasion pour les enseignants du premier et du second degr\u00e9s de se rencontrer et d&rsquo;\u00e9changer.<\/p>\n<p style=\"text-align: justify;\">\n","protected":false},"excerpt":{"rendered":"<p>&nbsp; En ce d\u00e9but d&rsquo;ann\u00e9e 2015, durant 5 jeudis d&rsquo;affil\u00e9e, les \u00e9l\u00e8ves de la classe de CM1-CM2 de Mouthiers sur Bo\u00ebme sont all\u00e9s travailler au coll\u00e8ge de La Couronne. D\u00e9couvrir un nouvel \u00e9tablissement N&rsquo;ayant pu utiliser les bus ramassant les coll\u00e9giens, les \u00e9coliers ont \u00e9t\u00e9 transport\u00e9s par les\u00a0v\u00e9hicules de la commune. \u00c0 leur\u00a0arriv\u00e9e, ils ont &hellip; <a href=\"https:\/\/www.mouthiers-sur-boeme.fr\/?p=2463\" class=\"more-link\">Continuer la lecture de <span class=\"screen-reader-text\">Des \u00e9coliers au coll\u00e8ge<\/span>  <span class=\"meta-nav\">&rarr;<\/span><\/a><\/p>\n","protected":false},"author":22,"featured_media":2466,"comment_status":"open","ping_status":"open","sticky":false,"template":"","format":"standard","meta":[],"categories":[31],"tags":[33,32,34],"_links":{"self":[{"href":"https:\/\/www.mouthiers-sur-boeme.fr\/index.php?rest_route=\/wp\/v2\/posts\/2463"}],"collection":[{"href":"https:\/\/www.mouthiers-sur-boeme.fr\/index.php?rest_route=\/wp\/v2\/posts"}],"about":[{"href":"https:\/\/www.mouthiers-sur-boeme.fr\/index.php?rest_route=\/wp\/v2\/types\/post"}],"author":[{"embeddable":true,"href":"https:\/\/www.mouthiers-sur-boeme.fr\/index.php?rest_route=\/wp\/v2\/users\/22"}],"replies":[{"embeddable":true,"href":"https:\/\/www.mouthiers-sur-boeme.fr\/index.php?rest_route=%2Fwp%2Fv2%2Fcomments&post=2463"}],"version-history":[{"count":6,"href":"https:\/\/www.mouthiers-sur-boeme.fr\/index.php?rest_route=\/wp\/v2\/posts\/2463\/revisions"}],"predecessor-version":[{"id":2549,"href":"https:\/\/www.mouthiers-sur-boeme.fr\/index.php?rest_route=\/wp\/v2\/posts\/2463\/revisions\/2549"}],"wp:featuredmedia":[{"embeddable":true,"href":"https:\/\/www.mouthiers-sur-boeme.fr\/index.php?rest_route=\/wp\/v2\/media\/2466"}],"wp:attachment":[{"href":"https:\/\/www.mouthiers-sur-boeme.fr\/index.php?rest_route=%2Fwp%2Fv2%2Fmedia&parent=2463"}],"wp:term":[{"taxonomy":"category","embeddable":true,"href":"https:\/\/www.mouthiers-sur-boeme.fr\/index.php?rest_route=%2Fwp%2Fv2%2Fcategories&post=2463"},{"taxonomy":"post_tag","embeddable":true,"href":"https:\/\/www.mouthiers-sur-boeme.fr\/index.php?rest_route=%2Fwp%2Fv2%2Ftags&post=2463"}],"curies":[{"name":"wp","href":"https:\/\/api.w.org\/{rel}","templated":true}]}}