{"id":2501,"date":"2015-02-25T15:41:24","date_gmt":"2015-02-25T14:41:24","guid":{"rendered":"https:\/\/www.mouthiers-sur-boeme.fr\/?p=2501"},"modified":"2015-02-27T00:44:29","modified_gmt":"2015-02-26T23:44:29","slug":"mediatheque-nouveaux-horaires-douverture","status":"publish","type":"post","link":"https:\/\/www.mouthiers-sur-boeme.fr\/?p=2501","title":{"rendered":"M\u00e9diath\u00e8que : nouveaux horaires d&rsquo;ouverture"},"content":{"rendered":"<p>La m\u00e9diath\u00e8que de Mouthiers sur Bo\u00ebme est ouverte depuis un an (18 janvier 2014). <a href=\"https:\/\/www.mouthiers-sur-boeme.fr\/wp-content\/uploads\/2014\/09\/M\u00e9diath\u00e8que.jpg\"><img loading=\"lazy\" class=\"aligncenter size-medium wp-image-2418\" src=\"https:\/\/www.mouthiers-sur-boeme.fr\/wp-content\/uploads\/2014\/09\/M\u00e9diath\u00e8que-300x200.jpg\" alt=\"M\u00e9diath\u00e8que\" width=\"300\" height=\"200\" srcset=\"https:\/\/www.mouthiers-sur-boeme.fr\/wp-content\/uploads\/2014\/09\/M\u00e9diath\u00e8que-300x200.jpg 300w, https:\/\/www.mouthiers-sur-boeme.fr\/wp-content\/uploads\/2014\/09\/M\u00e9diath\u00e8que.jpg 400w\" sizes=\"(max-width: 300px) 100vw, 300px\" \/><\/a><\/p>\n<p>Aujourd&rsquo;hui plus de 1000 adh\u00e9rents sont inscrits et 20 000 ouvrages se r\u00e9partissent \u00e0 la m\u00e9diath\u00e8que et sur le r\u00e9seau Papillon Lecture.<\/p>\n<p>C&rsquo;est un succ\u00e8s qui n\u00e9cessite aujourd&rsquo;hui une r\u00e9organisation des horaires pour garantir un service public de qualit\u00e9 pour tous.<\/p>\n<p><!--more--><\/p>\n<p>Lors de la s\u00e9ance du conseil municipal du vendredi 13 f\u00e9vrier 2015, il a \u00e9t\u00e9 d\u00e9cid\u00e9 la modification des horaires d&rsquo;ouvertures qui seront les suivants :<\/p>\n<p>Lundi : ferm\u00e9e<br \/>\nMardi : 9h-12h<br \/>\nMercredi : matin\u00a0 9h-12h (r\u00e9serv\u00e9 aux \u00e9coles) : 12h-18h<br \/>\nJeudi : 9h-12h<br \/>\nVendredi 16h-18h30<br \/>\nSamedi : 10h-12h30 &#8211; 14h-16h30<\/p>\n<p>L&rsquo;ouverture du samedi toute la journ\u00e9e sera assur\u00e9e \u00e0 tour de r\u00f4le par un duo form\u00e9 d&rsquo;un salari\u00e9 et d&rsquo;un b\u00e9n\u00e9vole.<\/p>\n","protected":false},"excerpt":{"rendered":"<p>La m\u00e9diath\u00e8que de Mouthiers sur Bo\u00ebme est ouverte depuis un an (18 janvier 2014). Aujourd&rsquo;hui plus de 1000 adh\u00e9rents sont inscrits et 20 000 ouvrages se r\u00e9partissent \u00e0 la m\u00e9diath\u00e8que et sur le r\u00e9seau Papillon Lecture. C&rsquo;est un succ\u00e8s qui n\u00e9cessite aujourd&rsquo;hui une r\u00e9organisation des horaires pour garantir un service public de qualit\u00e9 pour tous.<\/p>\n","protected":false},"author":22,"featured_media":0,"comment_status":"open","ping_status":"open","sticky":false,"template":"","format":"standard","meta":[],"categories":[20],"tags":[],"_links":{"self":[{"href":"https:\/\/www.mouthiers-sur-boeme.fr\/index.php?rest_route=\/wp\/v2\/posts\/2501"}],"collection":[{"href":"https:\/\/www.mouthiers-sur-boeme.fr\/index.php?rest_route=\/wp\/v2\/posts"}],"about":[{"href":"https:\/\/www.mouthiers-sur-boeme.fr\/index.php?rest_route=\/wp\/v2\/types\/post"}],"author":[{"embeddable":true,"href":"https:\/\/www.mouthiers-sur-boeme.fr\/index.php?rest_route=\/wp\/v2\/users\/22"}],"replies":[{"embeddable":true,"href":"https:\/\/www.mouthiers-sur-boeme.fr\/index.php?rest_route=%2Fwp%2Fv2%2Fcomments&post=2501"}],"version-history":[{"count":5,"href":"https:\/\/www.mouthiers-sur-boeme.fr\/index.php?rest_route=\/wp\/v2\/posts\/2501\/revisions"}],"predecessor-version":[{"id":2550,"href":"https:\/\/www.mouthiers-sur-boeme.fr\/index.php?rest_route=\/wp\/v2\/posts\/2501\/revisions\/2550"}],"wp:attachment":[{"href":"https:\/\/www.mouthiers-sur-boeme.fr\/index.php?rest_route=%2Fwp%2Fv2%2Fmedia&parent=2501"}],"wp:term":[{"taxonomy":"category","embeddable":true,"href":"https:\/\/www.mouthiers-sur-boeme.fr\/index.php?rest_route=%2Fwp%2Fv2%2Fcategories&post=2501"},{"taxonomy":"post_tag","embeddable":true,"href":"https:\/\/www.mouthiers-sur-boeme.fr\/index.php?rest_route=%2Fwp%2Fv2%2Ftags&post=2501"}],"curies":[{"name":"wp","href":"https:\/\/api.w.org\/{rel}","templated":true}]}}