{"id":2533,"date":"2015-02-25T18:04:51","date_gmt":"2015-02-25T17:04:51","guid":{"rendered":"https:\/\/www.mouthiers-sur-boeme.fr\/?p=2533"},"modified":"2015-03-22T13:57:12","modified_gmt":"2015-03-22T12:57:12","slug":"le-secours-populaire-fete-ses-70-ans-en-bandes-dessinees","status":"publish","type":"post","link":"https:\/\/www.mouthiers-sur-boeme.fr\/?p=2533","title":{"rendered":"Le Secours Populaire f\u00eate ses 70 ans en bandes dessin\u00e9es"},"content":{"rendered":"<p><a href=\"https:\/\/www.mouthiers-sur-boeme.fr\/wp-content\/uploads\/2015\/02\/Logo-70-ans-e1424887310605.jpg\"><img loading=\"lazy\" class=\"aligncenter size-medium wp-image-2537\" src=\"https:\/\/www.mouthiers-sur-boeme.fr\/wp-content\/uploads\/2015\/02\/Logo-70-ans-e1424887310605-300x46.jpg\" alt=\"Logo 70 ans\" width=\"300\" height=\"46\" srcset=\"https:\/\/www.mouthiers-sur-boeme.fr\/wp-content\/uploads\/2015\/02\/Logo-70-ans-e1424887310605-300x46.jpg 300w, https:\/\/www.mouthiers-sur-boeme.fr\/wp-content\/uploads\/2015\/02\/Logo-70-ans-e1424887310605-1024x155.jpg 1024w, https:\/\/www.mouthiers-sur-boeme.fr\/wp-content\/uploads\/2015\/02\/Logo-70-ans-e1424887310605.jpg 1120w\" sizes=\"(max-width: 300px) 100vw, 300px\" \/><\/a>Pour marquer le 70e anniversaire du Secours populaire fran\u00e7ais, la f\u00e9d\u00e9ration de Charente a demand\u00e9 \u00e0 cinq auteurs de bande dessin\u00e9e d&rsquo;Angoul\u00eame une \u0153uvre pr\u00e9sent\u00e9e sous forme de carte postale.<br \/>\nCes cinq cartes num\u00e9rot\u00e9es\u00a0sont vendues au prix de 10 \u20ac la s\u00e9rie de 5 cartes.<\/p>\n<p>Il en a \u00e9t\u00e9 tir\u00e9 seulement 1 000 exemplaires num\u00e9rot\u00e9s et <!--more-->un tirage au sort permettra de gagner les dessins originaux sign\u00e9s.<br \/>\nCette op\u00e9ration a \u00e9t\u00e9 men\u00e9e en collaboration avec l&rsquo;association du Festival de la bande dessin\u00e9e (FIBD) et l&rsquo;Atelier du Marquis.<br \/>\nPour en savoir plus, voir le site du Secours populaire \u00a0:<\/p>\n<p><a title=\"SECOURS POP\" href=\"https:\/\/www.secourspopulaire.fr\/16\/62\/un-anniversaire-en-bande-dessinee\" target=\"_blank\">https:\/\/www.secourspopulaire.fr\/16\/62\/un-anniversaire-en-bande-dessinee<\/a><\/p>\n<p>Les cartes sont en vente au local du Secours populaire \u00e0 Mouthiers, 57 rue de la Bo\u00ebme, aux heures de permanence\u00a0:<\/p>\n<p>tous les samedis, de 10 h \u00e0 12 h et le 3e lundi de chaque mois, de 14 h \u00e0 16 h.<\/p>\n<p>Pour joindre le Secours populaire de Mouthiers en dehors de ces horaires\u00a0:<\/p>\n<p>t\u00e9l,\u00a0: 06 80 96 40 46<\/p>\n","protected":false},"excerpt":{"rendered":"<p>Pour marquer le 70e anniversaire du Secours populaire fran\u00e7ais, la f\u00e9d\u00e9ration de Charente a demand\u00e9 \u00e0 cinq auteurs de bande dessin\u00e9e d&rsquo;Angoul\u00eame une \u0153uvre pr\u00e9sent\u00e9e sous forme de carte postale. Ces cinq cartes num\u00e9rot\u00e9es\u00a0sont vendues au prix de 10 \u20ac la s\u00e9rie de 5 cartes. Il en a \u00e9t\u00e9 tir\u00e9 seulement 1 000 exemplaires num\u00e9rot\u00e9s &hellip; <a href=\"https:\/\/www.mouthiers-sur-boeme.fr\/?p=2533\" class=\"more-link\">Continuer la lecture de <span class=\"screen-reader-text\">Le Secours Populaire f\u00eate ses 70 ans en bandes dessin\u00e9es<\/span>  <span class=\"meta-nav\">&rarr;<\/span><\/a><\/p>\n","protected":false},"author":22,"featured_media":0,"comment_status":"open","ping_status":"open","sticky":false,"template":"","format":"standard","meta":[],"categories":[14],"tags":[],"_links":{"self":[{"href":"https:\/\/www.mouthiers-sur-boeme.fr\/index.php?rest_route=\/wp\/v2\/posts\/2533"}],"collection":[{"href":"https:\/\/www.mouthiers-sur-boeme.fr\/index.php?rest_route=\/wp\/v2\/posts"}],"about":[{"href":"https:\/\/www.mouthiers-sur-boeme.fr\/index.php?rest_route=\/wp\/v2\/types\/post"}],"author":[{"embeddable":true,"href":"https:\/\/www.mouthiers-sur-boeme.fr\/index.php?rest_route=\/wp\/v2\/users\/22"}],"replies":[{"embeddable":true,"href":"https:\/\/www.mouthiers-sur-boeme.fr\/index.php?rest_route=%2Fwp%2Fv2%2Fcomments&post=2533"}],"version-history":[{"count":8,"href":"https:\/\/www.mouthiers-sur-boeme.fr\/index.php?rest_route=\/wp\/v2\/posts\/2533\/revisions"}],"predecessor-version":[{"id":2541,"href":"https:\/\/www.mouthiers-sur-boeme.fr\/index.php?rest_route=\/wp\/v2\/posts\/2533\/revisions\/2541"}],"wp:attachment":[{"href":"https:\/\/www.mouthiers-sur-boeme.fr\/index.php?rest_route=%2Fwp%2Fv2%2Fmedia&parent=2533"}],"wp:term":[{"taxonomy":"category","embeddable":true,"href":"https:\/\/www.mouthiers-sur-boeme.fr\/index.php?rest_route=%2Fwp%2Fv2%2Fcategories&post=2533"},{"taxonomy":"post_tag","embeddable":true,"href":"https:\/\/www.mouthiers-sur-boeme.fr\/index.php?rest_route=%2Fwp%2Fv2%2Ftags&post=2533"}],"curies":[{"name":"wp","href":"https:\/\/api.w.org\/{rel}","templated":true}]}}