{"id":2551,"date":"2015-02-26T15:12:11","date_gmt":"2015-02-26T14:12:11","guid":{"rendered":"https:\/\/www.mouthiers-sur-boeme.fr\/?p=2551"},"modified":"2015-02-26T22:24:41","modified_gmt":"2015-02-26T21:24:41","slug":"25eme-edition-boucle-de-la-boeme","status":"publish","type":"post","link":"https:\/\/www.mouthiers-sur-boeme.fr\/?p=2551","title":{"rendered":"25\u00e8me \u00e9dition &#8211; Boucle de la Bo\u00ebme"},"content":{"rendered":"<p style=\"text-align: center;\"><strong>Samedi 28 f\u00e9vrier et dimanche 1er mars 2015<\/strong><\/p>\n<p style=\"text-align: center;\"><a href=\"https:\/\/www.mouthiers-sur-boeme.fr\/wp-content\/uploads\/2015\/02\/AfficheA4-25\u00e8meBB.jpg\"><img loading=\"lazy\" class=\"aligncenter size-medium wp-image-2572\" src=\"https:\/\/www.mouthiers-sur-boeme.fr\/wp-content\/uploads\/2015\/02\/AfficheA4-25\u00e8meBB-213x300.jpg\" alt=\"AfficheA4 25\u00e8meBB\" width=\"213\" height=\"300\" srcset=\"https:\/\/www.mouthiers-sur-boeme.fr\/wp-content\/uploads\/2015\/02\/AfficheA4-25\u00e8meBB-213x300.jpg 213w, https:\/\/www.mouthiers-sur-boeme.fr\/wp-content\/uploads\/2015\/02\/AfficheA4-25\u00e8meBB.jpg 535w\" sizes=\"(max-width: 213px) 100vw, 213px\" \/><\/a><strong> 25\u00e8me \u00e9dition de la Boucle de la Bo\u00ebme<\/strong> .<\/p>\n<p><strong>Samedi 28 f\u00e9vrier \u00e0 partir de 14h<\/strong> : apr\u00e8s-midi sp\u00e9cial enfants<br \/>\n<a href=\"https:\/\/www.mouthiers-sur-boeme.fr\/wp-content\/uploads\/2015\/02\/Plaquette25\u00e8meBB-Enfants-A5.pdf\">Plaquette25\u00e8meBB Enfants A5<\/a><\/p>\n<p>D<strong>imanche 1er mars d\u00e8s 7h30<\/strong> : organisation des randonn\u00e9es p\u00e9destres.<br \/>\n<a href=\"https:\/\/www.mouthiers-sur-boeme.fr\/wp-content\/uploads\/2015\/02\/Plaquette25\u00e8meBB_2015.pdf\">Plaquette25\u00e8meBB_2015<\/a><\/p>\n<p>Nous esp\u00e9rons que le soleil et la bonne humeur seront au rendez-vous.<\/p>\n<p>Venez nombreux.<\/p>\n","protected":false},"excerpt":{"rendered":"<p>Samedi 28 f\u00e9vrier et dimanche 1er mars 2015 25\u00e8me \u00e9dition de la Boucle de la Bo\u00ebme . Samedi 28 f\u00e9vrier \u00e0 partir de 14h : apr\u00e8s-midi sp\u00e9cial enfants Plaquette25\u00e8meBB Enfants A5 Dimanche 1er mars d\u00e8s 7h30 : organisation des randonn\u00e9es p\u00e9destres. Plaquette25\u00e8meBB_2015 Nous esp\u00e9rons que le soleil et la bonne humeur seront au rendez-vous. Venez &hellip; <a href=\"https:\/\/www.mouthiers-sur-boeme.fr\/?p=2551\" class=\"more-link\">Continuer la lecture de <span class=\"screen-reader-text\">25\u00e8me \u00e9dition &#8211; Boucle de la Bo\u00ebme<\/span>  <span class=\"meta-nav\">&rarr;<\/span><\/a><\/p>\n","protected":false},"author":22,"featured_media":0,"comment_status":"open","ping_status":"open","sticky":false,"template":"","format":"standard","meta":[],"categories":[7,12],"tags":[],"_links":{"self":[{"href":"https:\/\/www.mouthiers-sur-boeme.fr\/index.php?rest_route=\/wp\/v2\/posts\/2551"}],"collection":[{"href":"https:\/\/www.mouthiers-sur-boeme.fr\/index.php?rest_route=\/wp\/v2\/posts"}],"about":[{"href":"https:\/\/www.mouthiers-sur-boeme.fr\/index.php?rest_route=\/wp\/v2\/types\/post"}],"author":[{"embeddable":true,"href":"https:\/\/www.mouthiers-sur-boeme.fr\/index.php?rest_route=\/wp\/v2\/users\/22"}],"replies":[{"embeddable":true,"href":"https:\/\/www.mouthiers-sur-boeme.fr\/index.php?rest_route=%2Fwp%2Fv2%2Fcomments&post=2551"}],"version-history":[{"count":6,"href":"https:\/\/www.mouthiers-sur-boeme.fr\/index.php?rest_route=\/wp\/v2\/posts\/2551\/revisions"}],"predecessor-version":[{"id":2578,"href":"https:\/\/www.mouthiers-sur-boeme.fr\/index.php?rest_route=\/wp\/v2\/posts\/2551\/revisions\/2578"}],"wp:attachment":[{"href":"https:\/\/www.mouthiers-sur-boeme.fr\/index.php?rest_route=%2Fwp%2Fv2%2Fmedia&parent=2551"}],"wp:term":[{"taxonomy":"category","embeddable":true,"href":"https:\/\/www.mouthiers-sur-boeme.fr\/index.php?rest_route=%2Fwp%2Fv2%2Fcategories&post=2551"},{"taxonomy":"post_tag","embeddable":true,"href":"https:\/\/www.mouthiers-sur-boeme.fr\/index.php?rest_route=%2Fwp%2Fv2%2Ftags&post=2551"}],"curies":[{"name":"wp","href":"https:\/\/api.w.org\/{rel}","templated":true}]}}