{"id":2621,"date":"2015-02-28T07:42:56","date_gmt":"2015-02-28T06:42:56","guid":{"rendered":"https:\/\/www.mouthiers-sur-boeme.fr\/?p=2621"},"modified":"2015-03-04T16:18:50","modified_gmt":"2015-03-04T15:18:50","slug":"mediatheque-de-mouthiers-sur-boeme","status":"publish","type":"post","link":"https:\/\/www.mouthiers-sur-boeme.fr\/?p=2621","title":{"rendered":"M\u00e9diath\u00e8que de Mouthiers-sur-Bo\u00ebme"},"content":{"rendered":"<p><strong>Samedi 28 f\u00e9vrier 2015 \u00e0 15 heures<\/strong><\/p>\n<p>Spectacle cont\u00e9 \u00ab\u00a0La grenouille \u00e0 grande bouche\u00a0\u00bb et \u00ab\u00a0la chasse \u00e0 l&rsquo;ours\u00a0\u00bb par la compagnie \u00ab\u00a0Les Ailes de Mademoiselle\u00a0\u00bb. Ce spectacle est organis\u00e9 dans le cadre de l&rsquo;action Pass&rsquo; Charente Lecture en partenariat avec le Service D\u00e9partemental de la Lecture et la M\u00e9diath\u00e8que.<\/p>\n<p>A samedi 28 f\u00e9vrier 2015 &#8211; 15 heures nous vous attendons.<\/p>\n<p>L&rsquo;op\u00e9ration Pass&rsquo; Charente lecture est une action financ\u00e9e par le Conseil G\u00e9n\u00e9ral et organis\u00e9 en direction des publics en difficult\u00e9 d&rsquo;insertion sociale.<\/p>\n<p><a href=\"https:\/\/www.mouthiers-sur-boeme.fr\/wp-content\/uploads\/2015\/02\/Les-ailes-de-demoiselle-1.jpg\"><img loading=\"lazy\" class=\"alignnone size-medium wp-image-2627\" src=\"https:\/\/www.mouthiers-sur-boeme.fr\/wp-content\/uploads\/2015\/02\/Les-ailes-de-demoiselle-1-300x188.jpg\" alt=\"Les ailes de demoiselle-1\" width=\"300\" height=\"188\" srcset=\"https:\/\/www.mouthiers-sur-boeme.fr\/wp-content\/uploads\/2015\/02\/Les-ailes-de-demoiselle-1-300x188.jpg 300w, https:\/\/www.mouthiers-sur-boeme.fr\/wp-content\/uploads\/2015\/02\/Les-ailes-de-demoiselle-1.jpg 960w\" sizes=\"(max-width: 300px) 100vw, 300px\" \/><\/a><\/p>\n","protected":false},"excerpt":{"rendered":"<p>Samedi 28 f\u00e9vrier 2015 \u00e0 15 heures Spectacle cont\u00e9 \u00ab\u00a0La grenouille \u00e0 grande bouche\u00a0\u00bb et \u00ab\u00a0la chasse \u00e0 l&rsquo;ours\u00a0\u00bb par la compagnie \u00ab\u00a0Les Ailes de Mademoiselle\u00a0\u00bb. Ce spectacle est organis\u00e9 dans le cadre de l&rsquo;action Pass&rsquo; Charente Lecture en partenariat avec le Service D\u00e9partemental de la Lecture et la M\u00e9diath\u00e8que. A samedi 28 f\u00e9vrier 2015 &hellip; <a href=\"https:\/\/www.mouthiers-sur-boeme.fr\/?p=2621\" class=\"more-link\">Continuer la lecture de <span class=\"screen-reader-text\">M\u00e9diath\u00e8que de Mouthiers-sur-Bo\u00ebme<\/span>  <span class=\"meta-nav\">&rarr;<\/span><\/a><\/p>\n","protected":false},"author":22,"featured_media":0,"comment_status":"open","ping_status":"open","sticky":false,"template":"","format":"standard","meta":[],"categories":[20],"tags":[],"_links":{"self":[{"href":"https:\/\/www.mouthiers-sur-boeme.fr\/index.php?rest_route=\/wp\/v2\/posts\/2621"}],"collection":[{"href":"https:\/\/www.mouthiers-sur-boeme.fr\/index.php?rest_route=\/wp\/v2\/posts"}],"about":[{"href":"https:\/\/www.mouthiers-sur-boeme.fr\/index.php?rest_route=\/wp\/v2\/types\/post"}],"author":[{"embeddable":true,"href":"https:\/\/www.mouthiers-sur-boeme.fr\/index.php?rest_route=\/wp\/v2\/users\/22"}],"replies":[{"embeddable":true,"href":"https:\/\/www.mouthiers-sur-boeme.fr\/index.php?rest_route=%2Fwp%2Fv2%2Fcomments&post=2621"}],"version-history":[{"count":2,"href":"https:\/\/www.mouthiers-sur-boeme.fr\/index.php?rest_route=\/wp\/v2\/posts\/2621\/revisions"}],"predecessor-version":[{"id":2628,"href":"https:\/\/www.mouthiers-sur-boeme.fr\/index.php?rest_route=\/wp\/v2\/posts\/2621\/revisions\/2628"}],"wp:attachment":[{"href":"https:\/\/www.mouthiers-sur-boeme.fr\/index.php?rest_route=%2Fwp%2Fv2%2Fmedia&parent=2621"}],"wp:term":[{"taxonomy":"category","embeddable":true,"href":"https:\/\/www.mouthiers-sur-boeme.fr\/index.php?rest_route=%2Fwp%2Fv2%2Fcategories&post=2621"},{"taxonomy":"post_tag","embeddable":true,"href":"https:\/\/www.mouthiers-sur-boeme.fr\/index.php?rest_route=%2Fwp%2Fv2%2Ftags&post=2621"}],"curies":[{"name":"wp","href":"https:\/\/api.w.org\/{rel}","templated":true}]}}