{"id":2630,"date":"2015-03-15T16:16:58","date_gmt":"2015-03-15T15:16:58","guid":{"rendered":"https:\/\/www.mouthiers-sur-boeme.fr\/?p=2630"},"modified":"2015-03-07T08:51:47","modified_gmt":"2015-03-07T07:51:47","slug":"elections-departementales-22-et-29-mars-2015","status":"publish","type":"post","link":"https:\/\/www.mouthiers-sur-boeme.fr\/?p=2630","title":{"rendered":"Elections d\u00e9partementales : 22 et 29 mars 2015"},"content":{"rendered":"<h6 style=\"text-align: justify;\">En Charente les 22 et 29 mars 2015 : Nouveaux cantons, nouveau mode de scrutin, nouveau nom et parit\u00e9 : les prochaines \u00e9lections d\u00e9partementales seront r\u00e9solument diff\u00e9rentes<\/h6>\n<p style=\"text-align: justify;\">Les 22 et 29 mars prochain, vous serez appel\u00e9s \u00e0 voter en Charente pour \u00e9lire vos repr\u00e9sentants au <strong>Conseil d\u00e9partemental<\/strong>. <strong>Les conseill\u00e8res et conseillers d\u00e9partementaux<\/strong> \u00e9lus sur 19 cantons au lieu de 35 remplaceront les conseill\u00e8res et conseillers g\u00e9n\u00e9raux en respectant la parit\u00e9. <!--more-->\u00a0La future assembl\u00e9e passera ainsi de 14 % de femmes aujourd&rsquo;hui \u00e0 50 % (soit de 5 \u00e0 19 femmes).<\/p>\n<p style=\"text-align: justify;\">La Charente : 19 nouveaux cantons. Notre commune fait partie du canton \u00ab\u00a0Bo\u00ebme-Echelle\u00a0\u00bb avec Roullet-Saint-Est\u00e8phe, Claix, Voulg\u00e9zac, Plassac-Rouffiac, Torsac, Dignac, Sers, Vouzan, Bouex, Garat, Dirac, Voeuil-et-Giget.<\/p>\n<p style=\"text-align: justify;\">2 conseillers par canton : bin\u00f4me compos\u00e9 d&rsquo;un homme et d&rsquo;une femme, \u00e9lus pour 6 ans, scrutin majoritaire \u00e0 deux tours. Tout bulletin ratur\u00e9 sera consid\u00e9r\u00e9 comme nul.<\/p>\n<p style=\"text-align: justify;\">Rendez-vous donc le 22 mars pour le premier tour et le 29 mars pour le deuxi\u00e8me tour, \u00e0 la mairie ou groupe scolaire de Mouthiers de 8h \u00e0 18h.<\/p>\n<p style=\"text-align: justify;\">Pour s&rsquo;informer :<\/p>\n<p style=\"text-align: justify;\"><a title=\"Conseil General\" href=\"www.cg16.fr\" target=\"_blank\">www.cg16.fr<\/a>\u00a0\u00a0\u00a0 site du conseil g\u00e9n\u00e9ral de la Charente<\/p>\n<p><a title=\"ministere de l'interieur oui je vote\" href=\"http:\/\/www.interieur.gouv.fr\/Elections\/Departementales-2015\" target=\"_blank\">http:\/\/www.interieur.gouv.fr\/Elections\/Departementales-2015<\/a><\/p>\n<p>site du minist\u00e8re de l&rsquo;int\u00e9rieur\u00a0\u00a0\u00a0\u00a0 #oui je vote<\/p>\n<figure id=\"attachment_2704\" aria-describedby=\"caption-attachment-2704\" style=\"width: 199px\" class=\"wp-caption alignnone\"><a href=\"https:\/\/www.mouthiers-sur-boeme.fr\/wp-content\/uploads\/2015\/03\/Infographie-generale-departementales-2015-760-px.jpg\"><img loading=\"lazy\" class=\" wp-image-2704\" src=\"https:\/\/www.mouthiers-sur-boeme.fr\/wp-content\/uploads\/2015\/03\/Infographie-generale-departementales-2015-760-px-165x300.jpg\" alt=\"affiche issue du site interieur.gouv.fr, oui, je vote, pourquoi, comment, pour qui, o\u00f9 et je pense au vote par procuration.\" width=\"199\" height=\"362\" srcset=\"https:\/\/www.mouthiers-sur-boeme.fr\/wp-content\/uploads\/2015\/03\/Infographie-generale-departementales-2015-760-px-165x300.jpg 165w, https:\/\/www.mouthiers-sur-boeme.fr\/wp-content\/uploads\/2015\/03\/Infographie-generale-departementales-2015-760-px-565x1024.jpg 565w, https:\/\/www.mouthiers-sur-boeme.fr\/wp-content\/uploads\/2015\/03\/Infographie-generale-departementales-2015-760-px.jpg 760w\" sizes=\"(max-width: 199px) 100vw, 199px\" \/><\/a><figcaption id=\"caption-attachment-2704\" class=\"wp-caption-text\">affiche issue du site interieur.gouv.fr, oui, je vote, pourquoi, comment, pour qui, o\u00f9 et je pense au vote par procuration.<\/figcaption><\/figure>\n<p>&nbsp;<\/p>\n<p style=\"text-align: justify;\">\n","protected":false},"excerpt":{"rendered":"<p>En Charente les 22 et 29 mars 2015 : Nouveaux cantons, nouveau mode de scrutin, nouveau nom et parit\u00e9 : les prochaines \u00e9lections d\u00e9partementales seront r\u00e9solument diff\u00e9rentes Les 22 et 29 mars prochain, vous serez appel\u00e9s \u00e0 voter en Charente pour \u00e9lire vos repr\u00e9sentants au Conseil d\u00e9partemental. Les conseill\u00e8res et conseillers d\u00e9partementaux \u00e9lus sur 19 &hellip; <a href=\"https:\/\/www.mouthiers-sur-boeme.fr\/?p=2630\" class=\"more-link\">Continuer la lecture de <span class=\"screen-reader-text\">Elections d\u00e9partementales : 22 et 29 mars 2015<\/span>  <span class=\"meta-nav\">&rarr;<\/span><\/a><\/p>\n","protected":false},"author":22,"featured_media":0,"comment_status":"open","ping_status":"open","sticky":false,"template":"","format":"standard","meta":[],"categories":[6],"tags":[],"_links":{"self":[{"href":"https:\/\/www.mouthiers-sur-boeme.fr\/index.php?rest_route=\/wp\/v2\/posts\/2630"}],"collection":[{"href":"https:\/\/www.mouthiers-sur-boeme.fr\/index.php?rest_route=\/wp\/v2\/posts"}],"about":[{"href":"https:\/\/www.mouthiers-sur-boeme.fr\/index.php?rest_route=\/wp\/v2\/types\/post"}],"author":[{"embeddable":true,"href":"https:\/\/www.mouthiers-sur-boeme.fr\/index.php?rest_route=\/wp\/v2\/users\/22"}],"replies":[{"embeddable":true,"href":"https:\/\/www.mouthiers-sur-boeme.fr\/index.php?rest_route=%2Fwp%2Fv2%2Fcomments&post=2630"}],"version-history":[{"count":9,"href":"https:\/\/www.mouthiers-sur-boeme.fr\/index.php?rest_route=\/wp\/v2\/posts\/2630\/revisions"}],"predecessor-version":[{"id":2705,"href":"https:\/\/www.mouthiers-sur-boeme.fr\/index.php?rest_route=\/wp\/v2\/posts\/2630\/revisions\/2705"}],"wp:attachment":[{"href":"https:\/\/www.mouthiers-sur-boeme.fr\/index.php?rest_route=%2Fwp%2Fv2%2Fmedia&parent=2630"}],"wp:term":[{"taxonomy":"category","embeddable":true,"href":"https:\/\/www.mouthiers-sur-boeme.fr\/index.php?rest_route=%2Fwp%2Fv2%2Fcategories&post=2630"},{"taxonomy":"post_tag","embeddable":true,"href":"https:\/\/www.mouthiers-sur-boeme.fr\/index.php?rest_route=%2Fwp%2Fv2%2Ftags&post=2630"}],"curies":[{"name":"wp","href":"https:\/\/api.w.org\/{rel}","templated":true}]}}