{"id":2634,"date":"2015-03-09T14:19:28","date_gmt":"2015-03-09T13:19:28","guid":{"rendered":"https:\/\/www.mouthiers-sur-boeme.fr\/?p=2634"},"modified":"2015-03-16T09:56:37","modified_gmt":"2015-03-16T08:56:37","slug":"la-papeterie-de-mouthiers-livret-et-exposition","status":"publish","type":"post","link":"https:\/\/www.mouthiers-sur-boeme.fr\/?p=2634","title":{"rendered":"La papeterie de Mouthiers  livret et exposition"},"content":{"rendered":"<p style=\"text-align: justify;\" align=\"LEFT\"><span style=\"font-family: Verdana,sans-serif;\"><span style=\"font-size: medium;\">L&rsquo;association <span style=\"color: #000000;\"><i>Bo\u00ebme Patrimoine<\/i><\/span><span style=\"color: #000000;\"> s&rsquo;est donn\u00e9e, depuis maintenant 2 ans, pour mission de recueillir les t\u00e9moignages des acteurs (ouvriers et cadres) de la papeterie Laroche, de Mouthiers.<\/span><\/span><\/span><\/p>\n<p style=\"text-align: center;\" align=\"LEFT\"><span style=\"font-family: Verdana,sans-serif;\"><span style=\"font-size: medium;\"><span style=\"color: #000000;\"><a href=\"https:\/\/www.mouthiers-sur-boeme.fr\/wp-content\/uploads\/2015\/03\/Affiche-expo-Usine-2015.jpg\"><img loading=\"lazy\" class=\"alignnone size-medium wp-image-2646\" src=\"https:\/\/www.mouthiers-sur-boeme.fr\/wp-content\/uploads\/2015\/03\/Affiche-expo-Usine-2015-212x300.jpg\" alt=\"Affiche expo Usine 2015\" width=\"212\" height=\"300\" srcset=\"https:\/\/www.mouthiers-sur-boeme.fr\/wp-content\/uploads\/2015\/03\/Affiche-expo-Usine-2015-212x300.jpg 212w, https:\/\/www.mouthiers-sur-boeme.fr\/wp-content\/uploads\/2015\/03\/Affiche-expo-Usine-2015.jpg 565w\" sizes=\"(max-width: 212px) 100vw, 212px\" \/><\/a><\/span><\/span><\/span><\/p>\n<p style=\"text-align: justify;\" align=\"LEFT\"><span style=\"color: #000000;\"><span style=\"font-family: Verdana,sans-serif;\"><span style=\"font-size: medium;\">La synth\u00e8se de ce travail de recherche et de collecte de t\u00e9moignages et de documents, qui n&rsquo;a d&rsquo;autre ambition que de transmettre un pan important de la m\u00e9moire monast\u00e9rienne et de faire mieux comprendre l&rsquo;\u00e9volution de notre village au cours des deux derniers si\u00e8cles, donne lieu \u00e0 deux \u00e9v\u00e9nements en ce mois de mars 2015.<\/span><\/span><\/span><!--more--><\/p>\n<ul>\n<li><span style=\"font-family: Verdana,sans-serif;\">\u00a0La publication d&rsquo;un livret de 28 pages, distribu\u00e9 dans les bo\u00eetes aux lettres avec le bulletin municipal de mars (suppl\u00e9ment au n\u00b0 357 de <i>\u00ab\u00a0Vivre \u00e0 <\/i>Mouthiers) et t\u00e9l\u00e9chargeable ci-dessous<\/span><\/li>\n<\/ul>\n<p><a href=\"https:\/\/www.mouthiers-sur-boeme.fr\/wp-content\/uploads\/2015\/03\/Usine-Laroche-Bo%C3%ABme-Patrimoine-2015.pdf\" target=\"_blank\">Usine Laroche (Bo\u00ebme Patrimoine 2015)<\/a><\/p>\n<ul>\n<li><span style=\"font-family: Verdana,sans-serif;\">2\/ Une exposition \u00e0 la m\u00e9diath\u00e8que municipale, du 14 au 29 mars.<\/span><\/li>\n<\/ul>\n<p>&nbsp;<\/p>\n","protected":false},"excerpt":{"rendered":"<p>L&rsquo;association Bo\u00ebme Patrimoine s&rsquo;est donn\u00e9e, depuis maintenant 2 ans, pour mission de recueillir les t\u00e9moignages des acteurs (ouvriers et cadres) de la papeterie Laroche, de Mouthiers. La synth\u00e8se de ce travail de recherche et de collecte de t\u00e9moignages et de documents, qui n&rsquo;a d&rsquo;autre ambition que de transmettre un pan important de la m\u00e9moire monast\u00e9rienne &hellip; <a href=\"https:\/\/www.mouthiers-sur-boeme.fr\/?p=2634\" class=\"more-link\">Continuer la lecture de <span class=\"screen-reader-text\">La papeterie de Mouthiers  livret et exposition<\/span>  <span class=\"meta-nav\">&rarr;<\/span><\/a><\/p>\n","protected":false},"author":22,"featured_media":0,"comment_status":"open","ping_status":"open","sticky":false,"template":"","format":"standard","meta":[],"categories":[2,17,19],"tags":[37,36,35],"_links":{"self":[{"href":"https:\/\/www.mouthiers-sur-boeme.fr\/index.php?rest_route=\/wp\/v2\/posts\/2634"}],"collection":[{"href":"https:\/\/www.mouthiers-sur-boeme.fr\/index.php?rest_route=\/wp\/v2\/posts"}],"about":[{"href":"https:\/\/www.mouthiers-sur-boeme.fr\/index.php?rest_route=\/wp\/v2\/types\/post"}],"author":[{"embeddable":true,"href":"https:\/\/www.mouthiers-sur-boeme.fr\/index.php?rest_route=\/wp\/v2\/users\/22"}],"replies":[{"embeddable":true,"href":"https:\/\/www.mouthiers-sur-boeme.fr\/index.php?rest_route=%2Fwp%2Fv2%2Fcomments&post=2634"}],"version-history":[{"count":14,"href":"https:\/\/www.mouthiers-sur-boeme.fr\/index.php?rest_route=\/wp\/v2\/posts\/2634\/revisions"}],"predecessor-version":[{"id":2739,"href":"https:\/\/www.mouthiers-sur-boeme.fr\/index.php?rest_route=\/wp\/v2\/posts\/2634\/revisions\/2739"}],"wp:attachment":[{"href":"https:\/\/www.mouthiers-sur-boeme.fr\/index.php?rest_route=%2Fwp%2Fv2%2Fmedia&parent=2634"}],"wp:term":[{"taxonomy":"category","embeddable":true,"href":"https:\/\/www.mouthiers-sur-boeme.fr\/index.php?rest_route=%2Fwp%2Fv2%2Fcategories&post=2634"},{"taxonomy":"post_tag","embeddable":true,"href":"https:\/\/www.mouthiers-sur-boeme.fr\/index.php?rest_route=%2Fwp%2Fv2%2Ftags&post=2634"}],"curies":[{"name":"wp","href":"https:\/\/api.w.org\/{rel}","templated":true}]}}