{"id":2661,"date":"2015-03-04T16:13:35","date_gmt":"2015-03-04T15:13:35","guid":{"rendered":"https:\/\/www.mouthiers-sur-boeme.fr\/?p=2661"},"modified":"2015-03-04T16:14:10","modified_gmt":"2015-03-04T15:14:10","slug":"le-passcharente-lecture","status":"publish","type":"post","link":"https:\/\/www.mouthiers-sur-boeme.fr\/?p=2661","title":{"rendered":"Le pass&rsquo;Charente lecture"},"content":{"rendered":"<p style=\"text-align: justify;\">La m\u00e9diath\u00e8que de Mouthiers a fait partie, pour la deuxi\u00e8me ann\u00e9e cons\u00e9cutive, des 10 biblioth\u00e8ques du d\u00e9partement, qui ont accueilli le spectacle entrant dans le cadre de l&rsquo;animation \u00ab\u00a0Pass&rsquo;Charente lecture\u00a0\u00bb, initi\u00e9e par le Conseil G\u00e9n\u00e9ral et suivie par le SDL.<\/p>\n<p>-\u00ab\u00a0Cette animation s&rsquo;adresse en priorit\u00e9 au public qui ne fr\u00e9quente pas souvent les lieux culturels, explique Sophie Dumas, charg\u00e9e de l&rsquo;action culturelle au SDL, mais elle est ouverte \u00e9galement \u00e0 tous les publics.\u00a0\u00bb<br \/>\nDans la m\u00e9diath\u00e8que de Mouthiers, le samedi 28 f\u00e9vrier, \u00e0 partir de 15 heures, une trentaine de personnes de tous \u00e2ges ont pu assister au spectacle propos\u00e9 par la conteuse Chlo\u00e9 Horn, de la Compagnie \u00ab\u00a0Les ailes de Mademoiselle\u00a0\u00bb:<a href=\"https:\/\/www.mouthiers-sur-boeme.fr\/wp-content\/uploads\/2015\/02\/Les-ailes-de-demoiselle-1.jpg\"><img loading=\"lazy\" class=\"aligncenter size-medium wp-image-2627\" src=\"https:\/\/www.mouthiers-sur-boeme.fr\/wp-content\/uploads\/2015\/02\/Les-ailes-de-demoiselle-1-300x188.jpg\" alt=\"Les ailes de demoiselle-1\" width=\"300\" height=\"188\" srcset=\"https:\/\/www.mouthiers-sur-boeme.fr\/wp-content\/uploads\/2015\/02\/Les-ailes-de-demoiselle-1-300x188.jpg 300w, https:\/\/www.mouthiers-sur-boeme.fr\/wp-content\/uploads\/2015\/02\/Les-ailes-de-demoiselle-1.jpg 960w\" sizes=\"(max-width: 300px) 100vw, 300px\" \/><\/a><!--more--><br \/>\nCette conteuse, elle-m\u00eame biblioth\u00e9caire \u00e0 Civray, met en sc\u00e8ne des albums pour la jeunesse et, durant sa prestation qui a dur\u00e9 25 minutes, elle a pr\u00e9sent\u00e9 deux contes: \u00ab\u00a0La grenouille \u00e0 grande bouche\u00a0\u00bb et \u00ab\u00a0La chasse \u00e0 l&rsquo;ours\u00a0\u00bb. Le public a suivi cette repr\u00e9sentation dynamique avec beaucoup de plaisir, en particulier les enfants.<br \/>\nLa conteuse, qui avait un second rendez-vous (biblioth\u00e8que de Mansle) a salu\u00e9, en partant, le public qui s&rsquo;est regroup\u00e9 autour du go\u00fbter que les lieux d&rsquo;accueil doivent offrir: Occasion de discuter du spectacle, mais aussi de parcourir les rayons de la m\u00e9diath\u00e8que et de d\u00e9couvrir les nouveaut\u00e9s.<\/p>\n","protected":false},"excerpt":{"rendered":"<p>La m\u00e9diath\u00e8que de Mouthiers a fait partie, pour la deuxi\u00e8me ann\u00e9e cons\u00e9cutive, des 10 biblioth\u00e8ques du d\u00e9partement, qui ont accueilli le spectacle entrant dans le cadre de l&rsquo;animation \u00ab\u00a0Pass&rsquo;Charente lecture\u00a0\u00bb, initi\u00e9e par le Conseil G\u00e9n\u00e9ral et suivie par le SDL. -\u00ab\u00a0Cette animation s&rsquo;adresse en priorit\u00e9 au public qui ne fr\u00e9quente pas souvent les lieux culturels, &hellip; <a href=\"https:\/\/www.mouthiers-sur-boeme.fr\/?p=2661\" class=\"more-link\">Continuer la lecture de <span class=\"screen-reader-text\">Le pass&rsquo;Charente lecture<\/span>  <span class=\"meta-nav\">&rarr;<\/span><\/a><\/p>\n","protected":false},"author":22,"featured_media":0,"comment_status":"open","ping_status":"open","sticky":false,"template":"","format":"image","meta":[],"categories":[20,12],"tags":[],"_links":{"self":[{"href":"https:\/\/www.mouthiers-sur-boeme.fr\/index.php?rest_route=\/wp\/v2\/posts\/2661"}],"collection":[{"href":"https:\/\/www.mouthiers-sur-boeme.fr\/index.php?rest_route=\/wp\/v2\/posts"}],"about":[{"href":"https:\/\/www.mouthiers-sur-boeme.fr\/index.php?rest_route=\/wp\/v2\/types\/post"}],"author":[{"embeddable":true,"href":"https:\/\/www.mouthiers-sur-boeme.fr\/index.php?rest_route=\/wp\/v2\/users\/22"}],"replies":[{"embeddable":true,"href":"https:\/\/www.mouthiers-sur-boeme.fr\/index.php?rest_route=%2Fwp%2Fv2%2Fcomments&post=2661"}],"version-history":[{"count":4,"href":"https:\/\/www.mouthiers-sur-boeme.fr\/index.php?rest_route=\/wp\/v2\/posts\/2661\/revisions"}],"predecessor-version":[{"id":2681,"href":"https:\/\/www.mouthiers-sur-boeme.fr\/index.php?rest_route=\/wp\/v2\/posts\/2661\/revisions\/2681"}],"wp:attachment":[{"href":"https:\/\/www.mouthiers-sur-boeme.fr\/index.php?rest_route=%2Fwp%2Fv2%2Fmedia&parent=2661"}],"wp:term":[{"taxonomy":"category","embeddable":true,"href":"https:\/\/www.mouthiers-sur-boeme.fr\/index.php?rest_route=%2Fwp%2Fv2%2Fcategories&post=2661"},{"taxonomy":"post_tag","embeddable":true,"href":"https:\/\/www.mouthiers-sur-boeme.fr\/index.php?rest_route=%2Fwp%2Fv2%2Ftags&post=2661"}],"curies":[{"name":"wp","href":"https:\/\/api.w.org\/{rel}","templated":true}]}}