{"id":2716,"date":"2015-03-13T16:33:01","date_gmt":"2015-03-13T15:33:01","guid":{"rendered":"https:\/\/www.mouthiers-sur-boeme.fr\/?p=2716"},"modified":"2015-03-13T16:50:35","modified_gmt":"2015-03-13T15:50:35","slug":"broyez-du-vert","status":"publish","type":"post","link":"https:\/\/www.mouthiers-sur-boeme.fr\/?p=2716","title":{"rendered":"Broyez du vert !"},"content":{"rendered":"<p style=\"text-align: justify;\"><span style=\"color: #339966;\"><strong>VENEZ AVEC VOS BRANCHAGES ET TAILLES, \u2026 ET VOUS REPARTIREZ AVEC DU BROYAT.\u00a0\u00bb<\/strong><\/span><\/p>\n<p style=\"text-align: justify;\"><a href=\"https:\/\/www.mouthiers-sur-boeme.fr\/wp-content\/uploads\/2015\/03\/2007-calitom-violet-vert.jpg\"><img loading=\"lazy\" class=\"aligncenter  wp-image-2720\" src=\"https:\/\/www.mouthiers-sur-boeme.fr\/wp-content\/uploads\/2015\/03\/2007-calitom-violet-vert-300x93.jpg\" alt=\"2007-calitom-violet-vert\" width=\"168\" height=\"52\" srcset=\"https:\/\/www.mouthiers-sur-boeme.fr\/wp-content\/uploads\/2015\/03\/2007-calitom-violet-vert-300x93.jpg 300w, https:\/\/www.mouthiers-sur-boeme.fr\/wp-content\/uploads\/2015\/03\/2007-calitom-violet-vert.jpg 314w\" sizes=\"(max-width: 168px) 100vw, 168px\" \/><\/a> <a href=\"https:\/\/www.mouthiers-sur-boeme.fr\/wp-content\/uploads\/2015\/03\/LOGO-jardiniers-charentais.jpg\"><img loading=\"lazy\" class=\"aligncenter  wp-image-2719\" src=\"https:\/\/www.mouthiers-sur-boeme.fr\/wp-content\/uploads\/2015\/03\/LOGO-jardiniers-charentais.jpg\" alt=\"LOGO jardiniers charentais\" width=\"111\" height=\"111\" srcset=\"https:\/\/www.mouthiers-sur-boeme.fr\/wp-content\/uploads\/2015\/03\/LOGO-jardiniers-charentais.jpg 235w, https:\/\/www.mouthiers-sur-boeme.fr\/wp-content\/uploads\/2015\/03\/LOGO-jardiniers-charentais-150x150.jpg 150w\" sizes=\"(max-width: 111px) 100vw, 111px\" \/><\/a><\/p>\n<h3 style=\"text-align: justify;\"><strong>le <\/strong><strong>mercredi 18 mars 20<\/strong><strong>15 de <\/strong><strong>14h30 \u00e0 17h00<\/strong><\/h3>\n<p style=\"text-align: center;\">\u00a0\u00c0 la <strong>d\u00e9ch\u00e8terie <\/strong><strong>de Mouthiers<\/strong><\/p>\n<h3 style=\"text-align: justify;\"><a href=\"https:\/\/www.mouthiers-sur-boeme.fr\/wp-content\/uploads\/2015\/03\/Mouthiers-08_10_14-1.jpg\"><img loading=\"lazy\" class=\"aligncenter size-medium wp-image-2721\" src=\"https:\/\/www.mouthiers-sur-boeme.fr\/wp-content\/uploads\/2015\/03\/Mouthiers-08_10_14-1-300x225.jpg\" alt=\"Mouthiers 08_10_14 (1)\" width=\"300\" height=\"225\" srcset=\"https:\/\/www.mouthiers-sur-boeme.fr\/wp-content\/uploads\/2015\/03\/Mouthiers-08_10_14-1-300x225.jpg 300w, https:\/\/www.mouthiers-sur-boeme.fr\/wp-content\/uploads\/2015\/03\/Mouthiers-08_10_14-1.jpg 640w\" sizes=\"(max-width: 300px) 100vw, 300px\" \/><\/a><\/h3>\n<p>Dans le cadre de la politique de pr\u00e9vention des d\u00e9chets, CALITOM et l&rsquo;association des jardiniers Charentais, tiendront une permanence pour sensibiliser :<\/p>\n<p><strong>&#8211; aux produits dangereux et leurs alternatives<br \/>\n&#8211; au broyage, compostage, consommation responsable\u2026<\/strong><\/p>\n<h3 style=\"text-align: justify;\">\u00a0Et d\u00e9monstration d&rsquo;un broyeur de v\u00e9g\u00e9taux<\/h3>\n<p style=\"text-align: justify;\"><strong><br \/>\n<\/strong><\/p>\n<p style=\"text-align: justify;\"><strong>\u00a0\u00a0\u00a0\u00a0 <\/strong><\/p>\n<h3 style=\"text-align: justify;\"><\/h3>\n","protected":false},"excerpt":{"rendered":"<p>VENEZ AVEC VOS BRANCHAGES ET TAILLES, \u2026 ET VOUS REPARTIREZ AVEC DU BROYAT.\u00a0\u00bb le mercredi 18 mars 2015 de 14h30 \u00e0 17h00 \u00a0\u00c0 la d\u00e9ch\u00e8terie de Mouthiers Dans le cadre de la politique de pr\u00e9vention des d\u00e9chets, CALITOM et l&rsquo;association des jardiniers Charentais, tiendront une permanence pour sensibiliser : &#8211; aux produits dangereux et leurs &hellip; <a href=\"https:\/\/www.mouthiers-sur-boeme.fr\/?p=2716\" class=\"more-link\">Continuer la lecture de <span class=\"screen-reader-text\">Broyez du vert !<\/span>  <span class=\"meta-nav\">&rarr;<\/span><\/a><\/p>\n","protected":false},"author":22,"featured_media":0,"comment_status":"open","ping_status":"open","sticky":false,"template":"","format":"standard","meta":[],"categories":[4],"tags":[38,40,39,41],"_links":{"self":[{"href":"https:\/\/www.mouthiers-sur-boeme.fr\/index.php?rest_route=\/wp\/v2\/posts\/2716"}],"collection":[{"href":"https:\/\/www.mouthiers-sur-boeme.fr\/index.php?rest_route=\/wp\/v2\/posts"}],"about":[{"href":"https:\/\/www.mouthiers-sur-boeme.fr\/index.php?rest_route=\/wp\/v2\/types\/post"}],"author":[{"embeddable":true,"href":"https:\/\/www.mouthiers-sur-boeme.fr\/index.php?rest_route=\/wp\/v2\/users\/22"}],"replies":[{"embeddable":true,"href":"https:\/\/www.mouthiers-sur-boeme.fr\/index.php?rest_route=%2Fwp%2Fv2%2Fcomments&post=2716"}],"version-history":[{"count":6,"href":"https:\/\/www.mouthiers-sur-boeme.fr\/index.php?rest_route=\/wp\/v2\/posts\/2716\/revisions"}],"predecessor-version":[{"id":2725,"href":"https:\/\/www.mouthiers-sur-boeme.fr\/index.php?rest_route=\/wp\/v2\/posts\/2716\/revisions\/2725"}],"wp:attachment":[{"href":"https:\/\/www.mouthiers-sur-boeme.fr\/index.php?rest_route=%2Fwp%2Fv2%2Fmedia&parent=2716"}],"wp:term":[{"taxonomy":"category","embeddable":true,"href":"https:\/\/www.mouthiers-sur-boeme.fr\/index.php?rest_route=%2Fwp%2Fv2%2Fcategories&post=2716"},{"taxonomy":"post_tag","embeddable":true,"href":"https:\/\/www.mouthiers-sur-boeme.fr\/index.php?rest_route=%2Fwp%2Fv2%2Ftags&post=2716"}],"curies":[{"name":"wp","href":"https:\/\/api.w.org\/{rel}","templated":true}]}}