{"id":2727,"date":"2015-03-15T09:34:41","date_gmt":"2015-03-15T08:34:41","guid":{"rendered":"https:\/\/www.mouthiers-sur-boeme.fr\/?p=2727"},"modified":"2015-03-15T09:37:47","modified_gmt":"2015-03-15T08:37:47","slug":"journee-de-formation-a-la-mediatheque","status":"publish","type":"post","link":"https:\/\/www.mouthiers-sur-boeme.fr\/?p=2727","title":{"rendered":"Journ\u00e9e de formation \u00e0 la m\u00e9diath\u00e8que"},"content":{"rendered":"<p>Le jeudi 12 mars, durant toute la journ\u00e9e, \u00e9tait organis\u00e9e, par le Service D\u00e9partemental de la Lecture (SDL), \u00e0 la m\u00e9diath\u00e8que de Mouthiers, une formation ouverte aux biblioth\u00e9caires. \u00c9taient pr\u00e9sentes \u00e0 cette animation, les responsables des biblioth\u00e8ques de Blanzac, Balzac, Barbezieux, Chalais, Mouthiers, Montembeuf, Rouillac et Ruelle, qui ont commenc\u00e9 par une visite, sous la conduite de M\u00e9lanie Ducourneau, de la m\u00e9diath\u00e8que : le lieu a \u00e9t\u00e9 trouv\u00e9 magnifique !<\/p>\n<p>La journ\u00e9e se r\u00e9partissait en deux parties :<!--more--><\/p>\n<p>le matin, une pr\u00e9sentation, par deux membres de la librairie \u00ab\u00a0Le Texte Libre\u00a0\u00bb, de Cognac, d&rsquo;albums jeunesse. Les nouveaut\u00e9s ont \u00e9t\u00e9 pr\u00e9sent\u00e9es, en insistant sur les illustrations, mais aussi sur les th\u00e9matiques, dont certaines recoupaient l&rsquo;actualit\u00e9, comme par exemple le fait d&rsquo;\u00eatre un enfant victime de ses camarades \u00e0 l&rsquo;\u00e9cole.<\/p>\n<p>L&rsquo;apr\u00e8s-midi, lui, \u00e9tait r\u00e9serv\u00e9 aux ouvrages artistiques et principalement photographiques, livres que les abonn\u00e9s des biblioth\u00e8ques ont souvent du mal \u00e0 emprunter \u00e0 cause de leur gabarit.<\/p>\n<p>Les \u00e9changes ont \u00e9t\u00e9 agr\u00e9ables et riches, les intervenantes r\u00e9pondant \u00e0 toutes les questions. D&rsquo;autres journ\u00e9es de ce type sont pr\u00e9vues dans d&rsquo;autres structures.<\/p>\n<p>Il est \u00e0 noter que des b\u00e9n\u00e9voles, invit\u00e9s, participaient \u00e9galement \u00e0 cette animation.<\/p>\n<p>&nbsp;<\/p>\n","protected":false},"excerpt":{"rendered":"<p>Le jeudi 12 mars, durant toute la journ\u00e9e, \u00e9tait organis\u00e9e, par le Service D\u00e9partemental de la Lecture (SDL), \u00e0 la m\u00e9diath\u00e8que de Mouthiers, une formation ouverte aux biblioth\u00e9caires. \u00c9taient pr\u00e9sentes \u00e0 cette animation, les responsables des biblioth\u00e8ques de Blanzac, Balzac, Barbezieux, Chalais, Mouthiers, Montembeuf, Rouillac et Ruelle, qui ont commenc\u00e9 par une visite, sous la &hellip; <a href=\"https:\/\/www.mouthiers-sur-boeme.fr\/?p=2727\" class=\"more-link\">Continuer la lecture de <span class=\"screen-reader-text\">Journ\u00e9e de formation \u00e0 la m\u00e9diath\u00e8que<\/span>  <span class=\"meta-nav\">&rarr;<\/span><\/a><\/p>\n","protected":false},"author":22,"featured_media":0,"comment_status":"open","ping_status":"open","sticky":false,"template":"","format":"standard","meta":[],"categories":[20],"tags":[42],"_links":{"self":[{"href":"https:\/\/www.mouthiers-sur-boeme.fr\/index.php?rest_route=\/wp\/v2\/posts\/2727"}],"collection":[{"href":"https:\/\/www.mouthiers-sur-boeme.fr\/index.php?rest_route=\/wp\/v2\/posts"}],"about":[{"href":"https:\/\/www.mouthiers-sur-boeme.fr\/index.php?rest_route=\/wp\/v2\/types\/post"}],"author":[{"embeddable":true,"href":"https:\/\/www.mouthiers-sur-boeme.fr\/index.php?rest_route=\/wp\/v2\/users\/22"}],"replies":[{"embeddable":true,"href":"https:\/\/www.mouthiers-sur-boeme.fr\/index.php?rest_route=%2Fwp%2Fv2%2Fcomments&post=2727"}],"version-history":[{"count":4,"href":"https:\/\/www.mouthiers-sur-boeme.fr\/index.php?rest_route=\/wp\/v2\/posts\/2727\/revisions"}],"predecessor-version":[{"id":2735,"href":"https:\/\/www.mouthiers-sur-boeme.fr\/index.php?rest_route=\/wp\/v2\/posts\/2727\/revisions\/2735"}],"wp:attachment":[{"href":"https:\/\/www.mouthiers-sur-boeme.fr\/index.php?rest_route=%2Fwp%2Fv2%2Fmedia&parent=2727"}],"wp:term":[{"taxonomy":"category","embeddable":true,"href":"https:\/\/www.mouthiers-sur-boeme.fr\/index.php?rest_route=%2Fwp%2Fv2%2Fcategories&post=2727"},{"taxonomy":"post_tag","embeddable":true,"href":"https:\/\/www.mouthiers-sur-boeme.fr\/index.php?rest_route=%2Fwp%2Fv2%2Ftags&post=2727"}],"curies":[{"name":"wp","href":"https:\/\/api.w.org\/{rel}","templated":true}]}}