{"id":2748,"date":"2015-03-17T22:41:55","date_gmt":"2015-03-17T21:41:55","guid":{"rendered":"https:\/\/www.mouthiers-sur-boeme.fr\/?p=2748"},"modified":"2015-03-17T22:52:51","modified_gmt":"2015-03-17T21:52:51","slug":"bal-de-la-saint-patrick","status":"publish","type":"post","link":"https:\/\/www.mouthiers-sur-boeme.fr\/?p=2748","title":{"rendered":"Bal de la Saint Patrick"},"content":{"rendered":"<p style=\"text-align: center;\">La MJC Jules Berry organise un bal de la Saint Patrick<br \/>\n<strong>le samedi 21 mars \u00e0 20h30<br \/>\n\u00e0 la salle Gilles Ploquin<br \/>\n<\/strong><\/p>\n<p style=\"text-align: center;\">Entr\u00e9e : 5 euros<\/p>\n<p style=\"text-align: center;\"><a href=\"https:\/\/www.mouthiers-sur-boeme.fr\/wp-content\/uploads\/2015\/03\/isla.jpeg\"><img loading=\"lazy\" class=\"aligncenter size-medium wp-image-2749\" src=\"https:\/\/www.mouthiers-sur-boeme.fr\/wp-content\/uploads\/2015\/03\/isla-212x300.jpeg\" alt=\"isla\" width=\"212\" height=\"300\" srcset=\"https:\/\/www.mouthiers-sur-boeme.fr\/wp-content\/uploads\/2015\/03\/isla-212x300.jpeg 212w, https:\/\/www.mouthiers-sur-boeme.fr\/wp-content\/uploads\/2015\/03\/isla-724x1024.jpeg 724w\" sizes=\"(max-width: 212px) 100vw, 212px\" \/><\/a>Venez nombreux pour f\u00eater cette f\u00eate Irlandaise !<\/p>\n","protected":false},"excerpt":{"rendered":"<p>La MJC Jules Berry organise un bal de la Saint Patrick le samedi 21 mars \u00e0 20h30 \u00e0 la salle Gilles Ploquin Entr\u00e9e : 5 euros Venez nombreux pour f\u00eater cette f\u00eate Irlandaise !<\/p>\n","protected":false},"author":22,"featured_media":0,"comment_status":"open","ping_status":"open","sticky":false,"template":"","format":"image","meta":[],"categories":[12],"tags":[44,43],"_links":{"self":[{"href":"https:\/\/www.mouthiers-sur-boeme.fr\/index.php?rest_route=\/wp\/v2\/posts\/2748"}],"collection":[{"href":"https:\/\/www.mouthiers-sur-boeme.fr\/index.php?rest_route=\/wp\/v2\/posts"}],"about":[{"href":"https:\/\/www.mouthiers-sur-boeme.fr\/index.php?rest_route=\/wp\/v2\/types\/post"}],"author":[{"embeddable":true,"href":"https:\/\/www.mouthiers-sur-boeme.fr\/index.php?rest_route=\/wp\/v2\/users\/22"}],"replies":[{"embeddable":true,"href":"https:\/\/www.mouthiers-sur-boeme.fr\/index.php?rest_route=%2Fwp%2Fv2%2Fcomments&post=2748"}],"version-history":[{"count":4,"href":"https:\/\/www.mouthiers-sur-boeme.fr\/index.php?rest_route=\/wp\/v2\/posts\/2748\/revisions"}],"predecessor-version":[{"id":2755,"href":"https:\/\/www.mouthiers-sur-boeme.fr\/index.php?rest_route=\/wp\/v2\/posts\/2748\/revisions\/2755"}],"wp:attachment":[{"href":"https:\/\/www.mouthiers-sur-boeme.fr\/index.php?rest_route=%2Fwp%2Fv2%2Fmedia&parent=2748"}],"wp:term":[{"taxonomy":"category","embeddable":true,"href":"https:\/\/www.mouthiers-sur-boeme.fr\/index.php?rest_route=%2Fwp%2Fv2%2Fcategories&post=2748"},{"taxonomy":"post_tag","embeddable":true,"href":"https:\/\/www.mouthiers-sur-boeme.fr\/index.php?rest_route=%2Fwp%2Fv2%2Ftags&post=2748"}],"curies":[{"name":"wp","href":"https:\/\/api.w.org\/{rel}","templated":true}]}}