{"id":2759,"date":"2015-04-22T16:30:46","date_gmt":"2015-04-22T15:30:46","guid":{"rendered":"https:\/\/www.mouthiers-sur-boeme.fr\/?p=2759"},"modified":"2015-04-30T09:09:30","modified_gmt":"2015-04-30T08:09:30","slug":"printemps-des-poetes","status":"publish","type":"post","link":"https:\/\/www.mouthiers-sur-boeme.fr\/?p=2759","title":{"rendered":"Printemps des po\u00e8tes"},"content":{"rendered":"<p style=\"text-align: center;\"><span style=\"font-family: Andalus,serif;\"><a href=\"https:\/\/www.mouthiers-sur-boeme.fr\/wp-content\/uploads\/2015\/03\/PJ523_LOGO-PDP-2coul-petit.jpg\"><img loading=\"lazy\" class=\"aligncenter size-full wp-image-2856\" src=\"https:\/\/www.mouthiers-sur-boeme.fr\/wp-content\/uploads\/2015\/03\/PJ523_LOGO-PDP-2coul-petit.jpg\" alt=\"PJ523_LOGO PDP-2coul-petit\" width=\"142\" height=\"135\" \/><\/a>Du 16 mars au 10 mai<\/span><\/p>\n<p style=\"text-align: center;\"><strong><span style=\"font-family: Andalus,serif;\"><span style=\"font-size: large;\"><a href=\"https:\/\/www.mouthiers-sur-boeme.fr\/wp-content\/uploads\/2015\/03\/Article-printemps-des-po\u00e8tes-Mouthiers.pdf\">Article printemps des po\u00e8tes Mouthiers<\/a><\/span><\/span><\/strong><\/p>\n<p><span style=\"font-family: Andalus,serif;\">Rendez-vous \u00e0 la m\u00e9diath\u00e8que pour venir d\u00e9couvrir les po\u00e8mes choisis par l&rsquo;\u00e9quipe ! N&rsquo;h\u00e9sitez pas \u00e0 venir munis de vos propres po\u00e8mes choisis \u00e0 afficher dans l&rsquo;espace d&rsquo;expression libre\u00a0! <\/span><\/p>\n<p style=\"text-align: center;\"><span style=\"font-family: Andalus,serif;\">Le 18 avril <\/span><\/p>\n<p><span style=\"font-family: Andalus,serif;\"><em>10h<\/em>\u00a0: chasse aux po\u00e8mes pour les enfants\u00a0: viens retrouver les po\u00e8mes qui se sont perdus \u00e0 l&rsquo;aide de ta carte aux tr\u00e9sors\u00a0! <\/span><\/p>\n<p><span style=\"font-family: Andalus,serif;\"><em>11h<\/em>\u00a0: inauguration de l&rsquo;exposition du Printemps des po\u00e8tes\u00a0: avec les r\u00e9alisations de l&rsquo;atelier d&rsquo;\u00e9criture de la m\u00e9diath\u00e8que, l&rsquo;atelier d&rsquo;\u00e9criture de l&rsquo;Ehpad, et les travaux des \u00e9l\u00e8ves.<\/span><br \/>\n<span style=\"font-family: Andalus,serif;\">\u00a0Lecture et affichage des po\u00e8mes d\u00e9couverts par les enfants. <span style=\"font-family: Andalus,serif;\"><a href=\"https:\/\/www.mouthiers-sur-boeme.fr\/wp-content\/uploads\/2015\/03\/PJ717_17ePdP-Aff-20x30-hd.jpg\"><img loading=\"lazy\" class=\"aligncenter size-medium wp-image-2858\" src=\"https:\/\/www.mouthiers-sur-boeme.fr\/wp-content\/uploads\/2015\/03\/PJ717_17ePdP-Aff-20x30-hd-203x300.jpg\" alt=\"PJ717_17ePdP-Aff-20x30-hd\" width=\"203\" height=\"300\" srcset=\"https:\/\/www.mouthiers-sur-boeme.fr\/wp-content\/uploads\/2015\/03\/PJ717_17ePdP-Aff-20x30-hd-203x300.jpg 203w, https:\/\/www.mouthiers-sur-boeme.fr\/wp-content\/uploads\/2015\/03\/PJ717_17ePdP-Aff-20x30-hd-692x1024.jpg 692w\" sizes=\"(max-width: 203px) 100vw, 203px\" \/><\/a><\/span><\/span><\/p>\n","protected":false},"excerpt":{"rendered":"<p>Du 16 mars au 10 mai Article printemps des po\u00e8tes Mouthiers Rendez-vous \u00e0 la m\u00e9diath\u00e8que pour venir d\u00e9couvrir les po\u00e8mes choisis par l&rsquo;\u00e9quipe ! N&rsquo;h\u00e9sitez pas \u00e0 venir munis de vos propres po\u00e8mes choisis \u00e0 afficher dans l&rsquo;espace d&rsquo;expression libre\u00a0! Le 18 avril 10h\u00a0: chasse aux po\u00e8mes pour les enfants\u00a0: viens retrouver les po\u00e8mes qui &hellip; <a href=\"https:\/\/www.mouthiers-sur-boeme.fr\/?p=2759\" class=\"more-link\">Continuer la lecture de <span class=\"screen-reader-text\">Printemps des po\u00e8tes<\/span>  <span class=\"meta-nav\">&rarr;<\/span><\/a><\/p>\n","protected":false},"author":22,"featured_media":0,"comment_status":"open","ping_status":"open","sticky":false,"template":"","format":"standard","meta":[],"categories":[20,17,12],"tags":[46,45],"_links":{"self":[{"href":"https:\/\/www.mouthiers-sur-boeme.fr\/index.php?rest_route=\/wp\/v2\/posts\/2759"}],"collection":[{"href":"https:\/\/www.mouthiers-sur-boeme.fr\/index.php?rest_route=\/wp\/v2\/posts"}],"about":[{"href":"https:\/\/www.mouthiers-sur-boeme.fr\/index.php?rest_route=\/wp\/v2\/types\/post"}],"author":[{"embeddable":true,"href":"https:\/\/www.mouthiers-sur-boeme.fr\/index.php?rest_route=\/wp\/v2\/users\/22"}],"replies":[{"embeddable":true,"href":"https:\/\/www.mouthiers-sur-boeme.fr\/index.php?rest_route=%2Fwp%2Fv2%2Fcomments&post=2759"}],"version-history":[{"count":5,"href":"https:\/\/www.mouthiers-sur-boeme.fr\/index.php?rest_route=\/wp\/v2\/posts\/2759\/revisions"}],"predecessor-version":[{"id":2859,"href":"https:\/\/www.mouthiers-sur-boeme.fr\/index.php?rest_route=\/wp\/v2\/posts\/2759\/revisions\/2859"}],"wp:attachment":[{"href":"https:\/\/www.mouthiers-sur-boeme.fr\/index.php?rest_route=%2Fwp%2Fv2%2Fmedia&parent=2759"}],"wp:term":[{"taxonomy":"category","embeddable":true,"href":"https:\/\/www.mouthiers-sur-boeme.fr\/index.php?rest_route=%2Fwp%2Fv2%2Fcategories&post=2759"},{"taxonomy":"post_tag","embeddable":true,"href":"https:\/\/www.mouthiers-sur-boeme.fr\/index.php?rest_route=%2Fwp%2Fv2%2Ftags&post=2759"}],"curies":[{"name":"wp","href":"https:\/\/api.w.org\/{rel}","templated":true}]}}