{"id":2762,"date":"2015-03-20T01:07:26","date_gmt":"2015-03-20T00:07:26","guid":{"rendered":"https:\/\/www.mouthiers-sur-boeme.fr\/?p=2762"},"modified":"2015-03-20T01:12:13","modified_gmt":"2015-03-20T00:12:13","slug":"cest-le-debut-des-championnats-par-equipes-de-grs","status":"publish","type":"post","link":"https:\/\/www.mouthiers-sur-boeme.fr\/?p=2762","title":{"rendered":"C\u2019est le d\u00e9but des championnats par \u00e9quipes de GRS\u2026"},"content":{"rendered":"<p style=\"text-align: justify;\">Dimanche 15 mars, a eu lieu \u00e0 Beaune Les Mines ( 86),\u00a0la rencontre interd\u00e9partementale par \u00e9quipe de GRS Ufolep,\u00a0o\u00f9 se retrouvent, les clubs de Limoges, de Mouthiers et de\u00a0La Souterraine.<br \/>\nCette comp\u00e9tition \u00e9tait sans grands enjeux, car toutes les\u00a0gymnastes \u00e9taient d\u00e9j\u00e0 qualifi\u00e9es pour la phase suivante.<\/p>\n<p style=\"text-align: justify;\">Mais ce fut l\u2019occasion pour toutes les \u00e9quipes de tester leur\u00a0composition devant un jury.<\/p>\n<p style=\"text-align: justify;\"><!--more--><\/p>\n<p style=\"text-align: justify;\">En effet toutes participeront \u00e0 la rencontre interr\u00e9gionale\u00a0qualificative pour les championnats de France, qui aura lieu\u00a0le dimanche 12 avril \u00e0 Sainte-Eulalie (33).<\/p>\n<p><a href=\"https:\/\/www.mouthiers-sur-boeme.fr\/wp-content\/uploads\/2015\/03\/gym-02_2015.jpg\"><img loading=\"lazy\" class=\"size-medium wp-image-2764\" src=\"https:\/\/www.mouthiers-sur-boeme.fr\/wp-content\/uploads\/2015\/03\/gym-02_2015-300x246.jpg\" alt=\"gymnastes souriantes\" width=\"300\" height=\"246\" srcset=\"https:\/\/www.mouthiers-sur-boeme.fr\/wp-content\/uploads\/2015\/03\/gym-02_2015-300x246.jpg 300w, https:\/\/www.mouthiers-sur-boeme.fr\/wp-content\/uploads\/2015\/03\/gym-02_2015.jpg 1024w\" sizes=\"(max-width: 300px) 100vw, 300px\" \/><\/a><\/p>\n<p style=\"text-align: justify;\">Cette comp\u00e9tition s\u2019est pass\u00e9e dans un v\u00e9ritable esprit\u00a0sportif et convivial comme nos gymnastes peuvent le\u00a0d\u00e9montrer.<\/p>\n<p><a href=\"https:\/\/www.mouthiers-sur-boeme.fr\/wp-content\/uploads\/2015\/03\/gym-01_2015.jpg\"><img loading=\"lazy\" class=\"size-medium wp-image-2763\" src=\"https:\/\/www.mouthiers-sur-boeme.fr\/wp-content\/uploads\/2015\/03\/gym-01_2015-300x243.jpg\" alt=\"photo gymnaste d\u00e9lur\u00e9e\" width=\"300\" height=\"243\" srcset=\"https:\/\/www.mouthiers-sur-boeme.fr\/wp-content\/uploads\/2015\/03\/gym-01_2015-300x243.jpg 300w, https:\/\/www.mouthiers-sur-boeme.fr\/wp-content\/uploads\/2015\/03\/gym-01_2015.jpg 1024w\" sizes=\"(max-width: 300px) 100vw, 300px\" \/><\/a><\/p>\n","protected":false},"excerpt":{"rendered":"<p>Dimanche 15 mars, a eu lieu \u00e0 Beaune Les Mines ( 86),\u00a0la rencontre interd\u00e9partementale par \u00e9quipe de GRS Ufolep,\u00a0o\u00f9 se retrouvent, les clubs de Limoges, de Mouthiers et de\u00a0La Souterraine. Cette comp\u00e9tition \u00e9tait sans grands enjeux, car toutes les\u00a0gymnastes \u00e9taient d\u00e9j\u00e0 qualifi\u00e9es pour la phase suivante. Mais ce fut l\u2019occasion pour toutes les \u00e9quipes de &hellip; <a href=\"https:\/\/www.mouthiers-sur-boeme.fr\/?p=2762\" class=\"more-link\">Continuer la lecture de <span class=\"screen-reader-text\">C\u2019est le d\u00e9but des championnats par \u00e9quipes de GRS\u2026<\/span>  <span class=\"meta-nav\">&rarr;<\/span><\/a><\/p>\n","protected":false},"author":22,"featured_media":2765,"comment_status":"open","ping_status":"open","sticky":false,"template":"","format":"standard","meta":[],"categories":[7,12],"tags":[],"_links":{"self":[{"href":"https:\/\/www.mouthiers-sur-boeme.fr\/index.php?rest_route=\/wp\/v2\/posts\/2762"}],"collection":[{"href":"https:\/\/www.mouthiers-sur-boeme.fr\/index.php?rest_route=\/wp\/v2\/posts"}],"about":[{"href":"https:\/\/www.mouthiers-sur-boeme.fr\/index.php?rest_route=\/wp\/v2\/types\/post"}],"author":[{"embeddable":true,"href":"https:\/\/www.mouthiers-sur-boeme.fr\/index.php?rest_route=\/wp\/v2\/users\/22"}],"replies":[{"embeddable":true,"href":"https:\/\/www.mouthiers-sur-boeme.fr\/index.php?rest_route=%2Fwp%2Fv2%2Fcomments&post=2762"}],"version-history":[{"count":9,"href":"https:\/\/www.mouthiers-sur-boeme.fr\/index.php?rest_route=\/wp\/v2\/posts\/2762\/revisions"}],"predecessor-version":[{"id":2771,"href":"https:\/\/www.mouthiers-sur-boeme.fr\/index.php?rest_route=\/wp\/v2\/posts\/2762\/revisions\/2771"}],"wp:featuredmedia":[{"embeddable":true,"href":"https:\/\/www.mouthiers-sur-boeme.fr\/index.php?rest_route=\/wp\/v2\/media\/2765"}],"wp:attachment":[{"href":"https:\/\/www.mouthiers-sur-boeme.fr\/index.php?rest_route=%2Fwp%2Fv2%2Fmedia&parent=2762"}],"wp:term":[{"taxonomy":"category","embeddable":true,"href":"https:\/\/www.mouthiers-sur-boeme.fr\/index.php?rest_route=%2Fwp%2Fv2%2Fcategories&post=2762"},{"taxonomy":"post_tag","embeddable":true,"href":"https:\/\/www.mouthiers-sur-boeme.fr\/index.php?rest_route=%2Fwp%2Fv2%2Ftags&post=2762"}],"curies":[{"name":"wp","href":"https:\/\/api.w.org\/{rel}","templated":true}]}}