{"id":2781,"date":"2015-03-21T11:39:18","date_gmt":"2015-03-21T10:39:18","guid":{"rendered":"https:\/\/www.mouthiers-sur-boeme.fr\/?p=2781"},"modified":"2015-03-21T11:39:18","modified_gmt":"2015-03-21T10:39:18","slug":"elections-departementales","status":"publish","type":"post","link":"https:\/\/www.mouthiers-sur-boeme.fr\/?p=2781","title":{"rendered":"\u00c9LECTIONS D\u00c9PARTEMENTALES"},"content":{"rendered":"<p>Bureau 1 : Mairie\u00a0\u00a0\u00a0\u00a0\u00a0\u00a0\u00a0\u00a0\u00a0\u00a0\u00a0\u00a0\u00a0\u00a0\u00a0\u00a0\u00a0\u00a0\u00a0\u00a0\u00a0\u00a0\u00a0 Bureau 2 : \u00c9cole<\/p>\n<p>Vous devez vous pr\u00e9senter au bureau de vote dont le num\u00e9ro est inscrit sur votre carte d&rsquo;\u00e9lecteur.<\/p>\n<p>Dimanche 22 mars, les 2\u00a0 bureaux sont ouverts de 8h00 \u00e0 18h00<\/p>\n<p><span style=\"color: #ff0000;\">VOUS DEVEZ VOUS MUNIR IMP\u00c9RATIVEMENT D&rsquo;UNE PI\u00c8CE\u00a0 D&rsquo;IDENTIT\u00c9<\/span> : elle vous sera demand\u00e9e m\u00eame si vous avez votre carte d&rsquo;\u00e9lecteur (refaites en 2012).<\/p>\n","protected":false},"excerpt":{"rendered":"<p>Bureau 1 : Mairie\u00a0\u00a0\u00a0\u00a0\u00a0\u00a0\u00a0\u00a0\u00a0\u00a0\u00a0\u00a0\u00a0\u00a0\u00a0\u00a0\u00a0\u00a0\u00a0\u00a0\u00a0\u00a0\u00a0 Bureau 2 : \u00c9cole Vous devez vous pr\u00e9senter au bureau de vote dont le num\u00e9ro est inscrit sur votre carte d&rsquo;\u00e9lecteur. Dimanche 22 mars, les 2\u00a0 bureaux sont ouverts de 8h00 \u00e0 18h00 VOUS DEVEZ VOUS MUNIR IMP\u00c9RATIVEMENT D&rsquo;UNE PI\u00c8CE\u00a0 D&rsquo;IDENTIT\u00c9 : elle vous sera demand\u00e9e m\u00eame si vous avez votre &hellip; <a href=\"https:\/\/www.mouthiers-sur-boeme.fr\/?p=2781\" class=\"more-link\">Continuer la lecture de <span class=\"screen-reader-text\">\u00c9LECTIONS D\u00c9PARTEMENTALES<\/span>  <span class=\"meta-nav\">&rarr;<\/span><\/a><\/p>\n","protected":false},"author":22,"featured_media":0,"comment_status":"open","ping_status":"open","sticky":false,"template":"","format":"standard","meta":[],"categories":[11,15],"tags":[],"_links":{"self":[{"href":"https:\/\/www.mouthiers-sur-boeme.fr\/index.php?rest_route=\/wp\/v2\/posts\/2781"}],"collection":[{"href":"https:\/\/www.mouthiers-sur-boeme.fr\/index.php?rest_route=\/wp\/v2\/posts"}],"about":[{"href":"https:\/\/www.mouthiers-sur-boeme.fr\/index.php?rest_route=\/wp\/v2\/types\/post"}],"author":[{"embeddable":true,"href":"https:\/\/www.mouthiers-sur-boeme.fr\/index.php?rest_route=\/wp\/v2\/users\/22"}],"replies":[{"embeddable":true,"href":"https:\/\/www.mouthiers-sur-boeme.fr\/index.php?rest_route=%2Fwp%2Fv2%2Fcomments&post=2781"}],"version-history":[{"count":3,"href":"https:\/\/www.mouthiers-sur-boeme.fr\/index.php?rest_route=\/wp\/v2\/posts\/2781\/revisions"}],"predecessor-version":[{"id":2785,"href":"https:\/\/www.mouthiers-sur-boeme.fr\/index.php?rest_route=\/wp\/v2\/posts\/2781\/revisions\/2785"}],"wp:attachment":[{"href":"https:\/\/www.mouthiers-sur-boeme.fr\/index.php?rest_route=%2Fwp%2Fv2%2Fmedia&parent=2781"}],"wp:term":[{"taxonomy":"category","embeddable":true,"href":"https:\/\/www.mouthiers-sur-boeme.fr\/index.php?rest_route=%2Fwp%2Fv2%2Fcategories&post=2781"},{"taxonomy":"post_tag","embeddable":true,"href":"https:\/\/www.mouthiers-sur-boeme.fr\/index.php?rest_route=%2Fwp%2Fv2%2Ftags&post=2781"}],"curies":[{"name":"wp","href":"https:\/\/api.w.org\/{rel}","templated":true}]}}