{"id":2788,"date":"2015-03-22T13:51:24","date_gmt":"2015-03-22T12:51:24","guid":{"rendered":"https:\/\/www.mouthiers-sur-boeme.fr\/?p=2788"},"modified":"2015-03-22T13:55:13","modified_gmt":"2015-03-22T12:55:13","slug":"alerte-pollution-dimanche-22-mars","status":"publish","type":"post","link":"https:\/\/www.mouthiers-sur-boeme.fr\/?p=2788","title":{"rendered":"ALERTE POLLUTION-DIMANCHE 22 MARS"},"content":{"rendered":"<p>L&rsquo;alerte \u00e0 la pollution atmosph\u00e9rique,\u00a0 \u00ab\u00a0particules en suspension\u00a0\u00bb PM10 est maintenue pour la journ\u00e9e du 22 mars 2015, bien qu&rsquo;une l\u00e9g\u00e8re am\u00e9lioration ait \u00e9t\u00e9 constat\u00e9e.<\/p>\n","protected":false},"excerpt":{"rendered":"<p>L&rsquo;alerte \u00e0 la pollution atmosph\u00e9rique,\u00a0 \u00ab\u00a0particules en suspension\u00a0\u00bb PM10 est maintenue pour la journ\u00e9e du 22 mars 2015, bien qu&rsquo;une l\u00e9g\u00e8re am\u00e9lioration ait \u00e9t\u00e9 constat\u00e9e.<\/p>\n","protected":false},"author":22,"featured_media":0,"comment_status":"open","ping_status":"open","sticky":false,"template":"","format":"standard","meta":[],"categories":[4,6],"tags":[],"_links":{"self":[{"href":"https:\/\/www.mouthiers-sur-boeme.fr\/index.php?rest_route=\/wp\/v2\/posts\/2788"}],"collection":[{"href":"https:\/\/www.mouthiers-sur-boeme.fr\/index.php?rest_route=\/wp\/v2\/posts"}],"about":[{"href":"https:\/\/www.mouthiers-sur-boeme.fr\/index.php?rest_route=\/wp\/v2\/types\/post"}],"author":[{"embeddable":true,"href":"https:\/\/www.mouthiers-sur-boeme.fr\/index.php?rest_route=\/wp\/v2\/users\/22"}],"replies":[{"embeddable":true,"href":"https:\/\/www.mouthiers-sur-boeme.fr\/index.php?rest_route=%2Fwp%2Fv2%2Fcomments&post=2788"}],"version-history":[{"count":2,"href":"https:\/\/www.mouthiers-sur-boeme.fr\/index.php?rest_route=\/wp\/v2\/posts\/2788\/revisions"}],"predecessor-version":[{"id":2790,"href":"https:\/\/www.mouthiers-sur-boeme.fr\/index.php?rest_route=\/wp\/v2\/posts\/2788\/revisions\/2790"}],"wp:attachment":[{"href":"https:\/\/www.mouthiers-sur-boeme.fr\/index.php?rest_route=%2Fwp%2Fv2%2Fmedia&parent=2788"}],"wp:term":[{"taxonomy":"category","embeddable":true,"href":"https:\/\/www.mouthiers-sur-boeme.fr\/index.php?rest_route=%2Fwp%2Fv2%2Fcategories&post=2788"},{"taxonomy":"post_tag","embeddable":true,"href":"https:\/\/www.mouthiers-sur-boeme.fr\/index.php?rest_route=%2Fwp%2Fv2%2Ftags&post=2788"}],"curies":[{"name":"wp","href":"https:\/\/api.w.org\/{rel}","templated":true}]}}