{"id":2860,"date":"2015-03-22T15:43:02","date_gmt":"2015-03-22T14:43:02","guid":{"rendered":"https:\/\/www.mouthiers-sur-boeme.fr\/?p=2860"},"modified":"2015-04-04T10:14:41","modified_gmt":"2015-04-04T09:14:41","slug":"le-carnaval-est-passe-a-la-maternelle-de-roullet","status":"publish","type":"post","link":"https:\/\/www.mouthiers-sur-boeme.fr\/?p=2860","title":{"rendered":"LE CARNAVAL  EST PASS\u00c9 A LA MATERNELLE DE ROULLET"},"content":{"rendered":"<figure id=\"attachment_2863\" aria-describedby=\"caption-attachment-2863\" style=\"width: 486px\" class=\"wp-caption alignnone\"><a href=\"https:\/\/www.mouthiers-sur-boeme.fr\/wp-content\/uploads\/2015\/04\/carnaval-2015_5-.jpg\"><img loading=\"lazy\" class=\" wp-image-2863\" src=\"https:\/\/www.mouthiers-sur-boeme.fr\/wp-content\/uploads\/2015\/04\/carnaval-2015_5--300x192.jpg\" alt=\"GS de ROULLET\" width=\"486\" height=\"311\" srcset=\"https:\/\/www.mouthiers-sur-boeme.fr\/wp-content\/uploads\/2015\/04\/carnaval-2015_5--300x192.jpg 300w, https:\/\/www.mouthiers-sur-boeme.fr\/wp-content\/uploads\/2015\/04\/carnaval-2015_5-.jpg 751w\" sizes=\"(max-width: 486px) 100vw, 486px\" \/><\/a><figcaption id=\"caption-attachment-2863\" class=\"wp-caption-text\">dessin d&rsquo;enfant du carnaval de Roullet<\/figcaption><\/figure>\n<p style=\"text-align: justify;\"><sup>\u00ab<\/sup>\u00a0<em>Vendredi 20 mars, on a mis des couronnes avec un village sur la t\u00eate et on est all\u00e9 faire une ronde et on a chant\u00e9.<br \/>\nOn a vu un g\u00e9ant de glace ( le monstre de l\u2019hiver ) arriver. <\/em><em>Il est pass\u00e9 par le portail tout au fond de la cour.<br \/>\n<\/em><em>Nous avons vu 3 ou 4 fant\u00f4mes avec le visage bleu. Ils ont dit de tourner autour de l\u2019indien pour pas fondre, pour pas que la machine elle s\u2019arr\u00eate et pour que le printemps il vienne\u00a0; pour que les couleurs s\u2019activent.<br \/>\n<\/em><em>Les fant\u00f4mes sont rentr\u00e9s dans la machine et apr\u00e8s ils \u00e9taient plein de couleurs et ils nous ont dit merci.<br \/>\n<\/em><em>Apr\u00e8s on est pass\u00e9 dans la machine intemporelle avec ce qu\u2019on avait fait en TAP\u00a0: \u00a0des maisons avec des arbres, des barri\u00e8res et des fleurs.<br \/>\n<\/em><em>On a mis la musique et on a fait la farandole. On a fait la f\u00eate.<br \/>\n<\/em><em>Et on a mang\u00e9 des cr\u00eapes et des g\u00e2teaux.<\/em> <sup>\u00bb<\/sup><em><br \/>\n<\/em><\/p>\n<p>Le texte et les dessins ont \u00e9t\u00e9 r\u00e9alis\u00e9s par la classe Grande Section \u00a0 de\u00a0M<sup>me<\/sup> Evelyne GESSON\u00a0 de l\u2019\u00e9cole Charles PERRAULT de<br \/>\nRoullet Saint-Est\u00e8phe.<\/p>\n<p><img loading=\"lazy\" class=\"alignnone  wp-image-2865\" src=\"https:\/\/www.mouthiers-sur-boeme.fr\/wp-content\/uploads\/2015\/04\/carnaval-2015_8--300x211.jpg\" alt=\"carnaval 2015_8\" width=\"315\" height=\"221\" srcset=\"https:\/\/www.mouthiers-sur-boeme.fr\/wp-content\/uploads\/2015\/04\/carnaval-2015_8--300x211.jpg 300w, https:\/\/www.mouthiers-sur-boeme.fr\/wp-content\/uploads\/2015\/04\/carnaval-2015_8-.jpg 683w\" sizes=\"(max-width: 315px) 100vw, 315px\" \/><\/p>\n<p><!--more--><\/p>\n<p>&nbsp;<\/p>\n<p style=\"text-align: center;\">Voici quelques dessins fait par les enfants.<br \/>\n<em>\u00a0 \u00a0 \u00a0 \u00a0 \u00a0 \u00a0cliquer sur les dessins pour les avoir en plein \u00e9cran.<\/em><\/p>\n<figure id=\"attachment_2870\" aria-describedby=\"caption-attachment-2870\" style=\"width: 300px\" class=\"wp-caption aligncenter\"><a href=\"https:\/\/www.mouthiers-sur-boeme.fr\/wp-content\/uploads\/2015\/04\/roullet1-.jpg\"><img loading=\"lazy\" class=\"size-medium wp-image-2870\" src=\"https:\/\/www.mouthiers-sur-boeme.fr\/wp-content\/uploads\/2015\/04\/roullet1--300x224.jpg\" alt=\"photo F.NOEL\" width=\"300\" height=\"224\" srcset=\"https:\/\/www.mouthiers-sur-boeme.fr\/wp-content\/uploads\/2015\/04\/roullet1--300x224.jpg 300w, https:\/\/www.mouthiers-sur-boeme.fr\/wp-content\/uploads\/2015\/04\/roullet1-.jpg 642w\" sizes=\"(max-width: 300px) 100vw, 300px\" \/><\/a><figcaption id=\"caption-attachment-2870\" class=\"wp-caption-text\"><a href=\"https:\/\/www.mouthiers-sur-boeme.fr\/wp-content\/uploads\/2015\/04\/carnaval-2015_12-.jpg\"><img loading=\"lazy\" class=\"size-medium wp-image-2867\" src=\"https:\/\/www.mouthiers-sur-boeme.fr\/wp-content\/uploads\/2015\/04\/carnaval-2015_12--300x208.jpg\" alt=\"GS de ROULLET\" width=\"300\" height=\"208\" srcset=\"https:\/\/www.mouthiers-sur-boeme.fr\/wp-content\/uploads\/2015\/04\/carnaval-2015_12--300x208.jpg 300w, https:\/\/www.mouthiers-sur-boeme.fr\/wp-content\/uploads\/2015\/04\/carnaval-2015_12-.jpg 693w\" sizes=\"(max-width: 300px) 100vw, 300px\" \/><\/a><\/figcaption><\/figure>\n<figure id=\"attachment_2864\" aria-describedby=\"caption-attachment-2864\" style=\"width: 300px\" class=\"wp-caption aligncenter\"><a href=\"https:\/\/www.mouthiers-sur-boeme.fr\/wp-content\/uploads\/2015\/04\/carnaval-2015_6-.jpg\"><img loading=\"lazy\" class=\"size-medium wp-image-2864\" src=\"https:\/\/www.mouthiers-sur-boeme.fr\/wp-content\/uploads\/2015\/04\/carnaval-2015_6--300x204.jpg\" alt=\"GS de ROULLET\" width=\"300\" height=\"204\" srcset=\"https:\/\/www.mouthiers-sur-boeme.fr\/wp-content\/uploads\/2015\/04\/carnaval-2015_6--300x204.jpg 300w, https:\/\/www.mouthiers-sur-boeme.fr\/wp-content\/uploads\/2015\/04\/carnaval-2015_6-.jpg 705w\" sizes=\"(max-width: 300px) 100vw, 300px\" \/><\/a><figcaption id=\"caption-attachment-2864\" class=\"wp-caption-text\">Danse autour de l&rsquo;indien : Fran\u00e7ois animateur TAP<\/figcaption><\/figure>\n<p><a href=\"https:\/\/www.mouthiers-sur-boeme.fr\/wp-content\/uploads\/2015\/04\/avec-lindien_1-.jpg\"><img loading=\"lazy\" class=\"size-medium wp-image-2862 aligncenter\" src=\"https:\/\/www.mouthiers-sur-boeme.fr\/wp-content\/uploads\/2015\/04\/avec-lindien_1--300x232.jpg\" alt=\"photo F.NOEL\" width=\"300\" height=\"232\" srcset=\"https:\/\/www.mouthiers-sur-boeme.fr\/wp-content\/uploads\/2015\/04\/avec-lindien_1--300x232.jpg 300w, https:\/\/www.mouthiers-sur-boeme.fr\/wp-content\/uploads\/2015\/04\/avec-lindien_1-.jpg 640w\" sizes=\"(max-width: 300px) 100vw, 300px\" \/><\/a><\/p>\n","protected":false},"excerpt":{"rendered":"<p>\u00ab\u00a0Vendredi 20 mars, on a mis des couronnes avec un village sur la t\u00eate et on est all\u00e9 faire une ronde et on a chant\u00e9. On a vu un g\u00e9ant de glace ( le monstre de l\u2019hiver ) arriver. Il est pass\u00e9 par le portail tout au fond de la cour. Nous avons vu 3 &hellip; <a href=\"https:\/\/www.mouthiers-sur-boeme.fr\/?p=2860\" class=\"more-link\">Continuer la lecture de <span class=\"screen-reader-text\">LE CARNAVAL  EST PASS\u00c9 A LA MATERNELLE DE ROULLET<\/span>  <span class=\"meta-nav\">&rarr;<\/span><\/a><\/p>\n","protected":false},"author":22,"featured_media":0,"comment_status":"open","ping_status":"open","sticky":false,"template":"","format":"standard","meta":[],"categories":[19,12],"tags":[],"_links":{"self":[{"href":"https:\/\/www.mouthiers-sur-boeme.fr\/index.php?rest_route=\/wp\/v2\/posts\/2860"}],"collection":[{"href":"https:\/\/www.mouthiers-sur-boeme.fr\/index.php?rest_route=\/wp\/v2\/posts"}],"about":[{"href":"https:\/\/www.mouthiers-sur-boeme.fr\/index.php?rest_route=\/wp\/v2\/types\/post"}],"author":[{"embeddable":true,"href":"https:\/\/www.mouthiers-sur-boeme.fr\/index.php?rest_route=\/wp\/v2\/users\/22"}],"replies":[{"embeddable":true,"href":"https:\/\/www.mouthiers-sur-boeme.fr\/index.php?rest_route=%2Fwp%2Fv2%2Fcomments&post=2860"}],"version-history":[{"count":9,"href":"https:\/\/www.mouthiers-sur-boeme.fr\/index.php?rest_route=\/wp\/v2\/posts\/2860\/revisions"}],"predecessor-version":[{"id":2930,"href":"https:\/\/www.mouthiers-sur-boeme.fr\/index.php?rest_route=\/wp\/v2\/posts\/2860\/revisions\/2930"}],"wp:attachment":[{"href":"https:\/\/www.mouthiers-sur-boeme.fr\/index.php?rest_route=%2Fwp%2Fv2%2Fmedia&parent=2860"}],"wp:term":[{"taxonomy":"category","embeddable":true,"href":"https:\/\/www.mouthiers-sur-boeme.fr\/index.php?rest_route=%2Fwp%2Fv2%2Fcategories&post=2860"},{"taxonomy":"post_tag","embeddable":true,"href":"https:\/\/www.mouthiers-sur-boeme.fr\/index.php?rest_route=%2Fwp%2Fv2%2Ftags&post=2860"}],"curies":[{"name":"wp","href":"https:\/\/api.w.org\/{rel}","templated":true}]}}