{"id":2932,"date":"2015-02-20T09:33:55","date_gmt":"2015-02-20T08:33:55","guid":{"rendered":"https:\/\/www.mouthiers-sur-boeme.fr\/?p=2932"},"modified":"2015-04-09T09:31:31","modified_gmt":"2015-04-09T08:31:31","slug":"quand-les-eleves-se-font-danseurs","status":"publish","type":"post","link":"https:\/\/www.mouthiers-sur-boeme.fr\/?p=2932","title":{"rendered":"Quand les \u00e9l\u00e8ves se font danseurs"},"content":{"rendered":"<p align=\"left\">Le mercredi 18 f\u00e9vrier, les classes de CP et de CE1 ont particip\u00e9 \u00e0 une journ\u00e9e de danse traditionnelle.<\/p>\n<p align=\"left\"><b>125 \u00e9l\u00e8ves \u00e9taient r\u00e9unis<\/b><\/p>\n<p align=\"left\">Organis\u00e9e par les enseignants dans le cadre de l&rsquo;USEP, cette rencontre a r\u00e9uni des \u00e9l\u00e8ves des \u00e9coles de Mouthiers et de la Couronne. En tout, 125 \u00e9l\u00e8ves de 5 classes \u00e9taient pr\u00e9sents.<\/p>\n<p align=\"left\">Cette journ\u00e9e venait conclure un travail r\u00e9alis\u00e9 en classe au cours duquel les \u00e9l\u00e8ves ont appris un r\u00e9pertoire de danses traditionnelles. Ainsi, ils ont pu s&rsquo;initier \u00e0 la polka et au cercle circassien, en apprenant \u00e0 placer des pas de bourr\u00e9e ou de polka.<\/p>\n<p align=\"left\"><b>Un travail bas\u00e9 sur le plaisir et le vivre ensemble<\/b><\/p>\n<p align=\"left\">Mme Renard, l&rsquo;enseignante de la classe de CE1 de Mouthiers pr\u00e9cise <!--more-->que ce travail vise avant tout \u00e0 prendre plaisir \u00e0 travailler ensemble \u00e0 une r\u00e9alisation collective. Ces activit\u00e9s d&rsquo;expression corporelle sont aussi un excellent moyen pour faire progresser la coordination des gestes et la perception du rythme.<\/p>\n<p align=\"left\">Plus largement, ces rencontres sportives sont importantes pour faire vivre \u00e0 nos enfants le partage et le respect de l&rsquo;autre, des valeurs port\u00e9es depuis de nombreuses ann\u00e9es par l&rsquo;USEP.<\/p>\n<p align=\"left\">Danseurs et danseuses sont rentr\u00e9s en classe, heureux de ce moment d&rsquo;\u00e9cole particulier.<\/p>\n","protected":false},"excerpt":{"rendered":"<p>Le mercredi 18 f\u00e9vrier, les classes de CP et de CE1 ont particip\u00e9 \u00e0 une journ\u00e9e de danse traditionnelle. 125 \u00e9l\u00e8ves \u00e9taient r\u00e9unis Organis\u00e9e par les enseignants dans le cadre de l&rsquo;USEP, cette rencontre a r\u00e9uni des \u00e9l\u00e8ves des \u00e9coles de Mouthiers et de la Couronne. En tout, 125 \u00e9l\u00e8ves de 5 classes \u00e9taient pr\u00e9sents. &hellip; <a href=\"https:\/\/www.mouthiers-sur-boeme.fr\/?p=2932\" class=\"more-link\">Continuer la lecture de <span class=\"screen-reader-text\">Quand les \u00e9l\u00e8ves se font danseurs<\/span>  <span class=\"meta-nav\">&rarr;<\/span><\/a><\/p>\n","protected":false},"author":22,"featured_media":2933,"comment_status":"open","ping_status":"open","sticky":false,"template":"","format":"standard","meta":[],"categories":[16],"tags":[32],"_links":{"self":[{"href":"https:\/\/www.mouthiers-sur-boeme.fr\/index.php?rest_route=\/wp\/v2\/posts\/2932"}],"collection":[{"href":"https:\/\/www.mouthiers-sur-boeme.fr\/index.php?rest_route=\/wp\/v2\/posts"}],"about":[{"href":"https:\/\/www.mouthiers-sur-boeme.fr\/index.php?rest_route=\/wp\/v2\/types\/post"}],"author":[{"embeddable":true,"href":"https:\/\/www.mouthiers-sur-boeme.fr\/index.php?rest_route=\/wp\/v2\/users\/22"}],"replies":[{"embeddable":true,"href":"https:\/\/www.mouthiers-sur-boeme.fr\/index.php?rest_route=%2Fwp%2Fv2%2Fcomments&post=2932"}],"version-history":[{"count":4,"href":"https:\/\/www.mouthiers-sur-boeme.fr\/index.php?rest_route=\/wp\/v2\/posts\/2932\/revisions"}],"predecessor-version":[{"id":2937,"href":"https:\/\/www.mouthiers-sur-boeme.fr\/index.php?rest_route=\/wp\/v2\/posts\/2932\/revisions\/2937"}],"wp:featuredmedia":[{"embeddable":true,"href":"https:\/\/www.mouthiers-sur-boeme.fr\/index.php?rest_route=\/wp\/v2\/media\/2933"}],"wp:attachment":[{"href":"https:\/\/www.mouthiers-sur-boeme.fr\/index.php?rest_route=%2Fwp%2Fv2%2Fmedia&parent=2932"}],"wp:term":[{"taxonomy":"category","embeddable":true,"href":"https:\/\/www.mouthiers-sur-boeme.fr\/index.php?rest_route=%2Fwp%2Fv2%2Fcategories&post=2932"},{"taxonomy":"post_tag","embeddable":true,"href":"https:\/\/www.mouthiers-sur-boeme.fr\/index.php?rest_route=%2Fwp%2Fv2%2Ftags&post=2932"}],"curies":[{"name":"wp","href":"https:\/\/api.w.org\/{rel}","templated":true}]}}