{"id":2968,"date":"2015-04-10T10:57:46","date_gmt":"2015-04-10T09:57:46","guid":{"rendered":"https:\/\/www.mouthiers-sur-boeme.fr\/?p=2968"},"modified":"2015-04-29T18:11:27","modified_gmt":"2015-04-29T17:11:27","slug":"quelques-nouvelles-de-la-peche-aux-chats","status":"publish","type":"post","link":"https:\/\/www.mouthiers-sur-boeme.fr\/?p=2968","title":{"rendered":"Quelques nouvelles de la p\u00eache aux chats !"},"content":{"rendered":"<p class=\"western\"><span style=\"font-family: Century Gothic,sans-serif;\">Comme annonc\u00e9 nous avons dispos\u00e9 des cages aux endroits convenus du 30\/03 au 03\/04\/2015.<\/span><\/p>\n<p class=\"western\"><span style=\"font-family: Century Gothic,sans-serif;\">Nous f\u00e9licitons les membres du conseil municipal des jeunes pour leur fructueux engagement.<\/span><\/p>\n<p class=\"western\"><span style=\"font-family: Century Gothic,sans-serif;\">11 chats ont \u00e9t\u00e9 captur\u00e9s.<\/span><\/p>\n<p class=\"western\"><span style=\"font-family: Century Gothic,sans-serif;\">2 ont \u00e9t\u00e9 euthanasi\u00e9s car malheureusement porteurs de virus.<\/span><\/p>\n<p class=\"western\"><span style=\"font-family: Century Gothic,sans-serif;\">Les autres ont \u00e9t\u00e9 st\u00e9rilis\u00e9s puis rel\u00e2ch\u00e9s l\u00e0 o\u00f9 ils avaient \u00e9t\u00e9 captur\u00e9s.<\/span><\/p>\n<p class=\"western\"><span style=\"font-family: Century Gothic,sans-serif;\">La convention pass\u00e9e avec 30 millions d\u2019Amis s\u2019est av\u00e9r\u00e9e tr\u00e8s utile. <\/span><\/p>\n<p class=\"western\"><span style=\"font-family: Century Gothic,sans-serif;\">Nous avons le regret de constater que la cage d\u00e9pos\u00e9e \u00ab\u00a0aux rosiers\u00a0\u00bb a disparu le jour m\u00eame\u00a0!<\/span><\/p>\n<p class=\"western\"><span style=\"font-family: Century Gothic,sans-serif;\">Si par hasard une personne bien intentionn\u00e9e qui souhaiterait \u00e9pargner aux contribuables de Mouthiers la d\u00e9pense li\u00e9e au remboursement de cette cage\u2026<\/span><\/p>\n<p class=\"western\"><span style=\"font-family: Century Gothic,sans-serif;\">Un coup de t\u00e9l\u00e9phone \u00e0 la mairie de Mouthiers serait le bien venu.<\/span><\/p>\n<figure id=\"attachment_2972\" aria-describedby=\"caption-attachment-2972\" style=\"width: 300px\" class=\"wp-caption aligncenter\"><a href=\"https:\/\/www.mouthiers-sur-boeme.fr\/wp-content\/uploads\/2015\/04\/DSC_0126.jpg\"><img loading=\"lazy\" class=\"wp-image-2972 size-medium\" src=\"https:\/\/www.mouthiers-sur-boeme.fr\/wp-content\/uploads\/2015\/04\/DSC_0126-300x201.jpg\" alt=\"\" width=\"300\" height=\"201\" srcset=\"https:\/\/www.mouthiers-sur-boeme.fr\/wp-content\/uploads\/2015\/04\/DSC_0126-300x201.jpg 300w, https:\/\/www.mouthiers-sur-boeme.fr\/wp-content\/uploads\/2015\/04\/DSC_0126-1024x685.jpg 1024w, https:\/\/www.mouthiers-sur-boeme.fr\/wp-content\/uploads\/2015\/04\/DSC_0126.jpg 1936w\" sizes=\"(max-width: 300px) 100vw, 300px\" \/><\/a><figcaption id=\"caption-attachment-2972\" class=\"wp-caption-text\">Fini l&rsquo;errance, pensez \u00e0 l&rsquo;adoption ! Photo : M.Bondaz<\/figcaption><\/figure>\n","protected":false},"excerpt":{"rendered":"<p>Comme annonc\u00e9 nous avons dispos\u00e9 des cages aux endroits convenus du 30\/03 au 03\/04\/2015. Nous f\u00e9licitons les membres du conseil municipal des jeunes pour leur fructueux engagement. 11 chats ont \u00e9t\u00e9 captur\u00e9s. 2 ont \u00e9t\u00e9 euthanasi\u00e9s car malheureusement porteurs de virus. Les autres ont \u00e9t\u00e9 st\u00e9rilis\u00e9s puis rel\u00e2ch\u00e9s l\u00e0 o\u00f9 ils avaient \u00e9t\u00e9 captur\u00e9s. La &hellip; <a href=\"https:\/\/www.mouthiers-sur-boeme.fr\/?p=2968\" class=\"more-link\">Continuer la lecture de <span class=\"screen-reader-text\">Quelques nouvelles de la p\u00eache aux chats !<\/span>  <span class=\"meta-nav\">&rarr;<\/span><\/a><\/p>\n","protected":false},"author":22,"featured_media":0,"comment_status":"open","ping_status":"open","sticky":false,"template":"","format":"standard","meta":[],"categories":[4],"tags":[48,39],"_links":{"self":[{"href":"https:\/\/www.mouthiers-sur-boeme.fr\/index.php?rest_route=\/wp\/v2\/posts\/2968"}],"collection":[{"href":"https:\/\/www.mouthiers-sur-boeme.fr\/index.php?rest_route=\/wp\/v2\/posts"}],"about":[{"href":"https:\/\/www.mouthiers-sur-boeme.fr\/index.php?rest_route=\/wp\/v2\/types\/post"}],"author":[{"embeddable":true,"href":"https:\/\/www.mouthiers-sur-boeme.fr\/index.php?rest_route=\/wp\/v2\/users\/22"}],"replies":[{"embeddable":true,"href":"https:\/\/www.mouthiers-sur-boeme.fr\/index.php?rest_route=%2Fwp%2Fv2%2Fcomments&post=2968"}],"version-history":[{"count":6,"href":"https:\/\/www.mouthiers-sur-boeme.fr\/index.php?rest_route=\/wp\/v2\/posts\/2968\/revisions"}],"predecessor-version":[{"id":3028,"href":"https:\/\/www.mouthiers-sur-boeme.fr\/index.php?rest_route=\/wp\/v2\/posts\/2968\/revisions\/3028"}],"wp:attachment":[{"href":"https:\/\/www.mouthiers-sur-boeme.fr\/index.php?rest_route=%2Fwp%2Fv2%2Fmedia&parent=2968"}],"wp:term":[{"taxonomy":"category","embeddable":true,"href":"https:\/\/www.mouthiers-sur-boeme.fr\/index.php?rest_route=%2Fwp%2Fv2%2Fcategories&post=2968"},{"taxonomy":"post_tag","embeddable":true,"href":"https:\/\/www.mouthiers-sur-boeme.fr\/index.php?rest_route=%2Fwp%2Fv2%2Ftags&post=2968"}],"curies":[{"name":"wp","href":"https:\/\/api.w.org\/{rel}","templated":true}]}}