{"id":2982,"date":"2015-05-20T06:39:16","date_gmt":"2015-05-20T05:39:16","guid":{"rendered":"https:\/\/www.mouthiers-sur-boeme.fr\/?p=2982"},"modified":"2015-05-23T18:16:33","modified_gmt":"2015-05-23T17:16:33","slug":"week-end-de-la-pentecote-7eme-mouthiers-en-fete","status":"publish","type":"post","link":"https:\/\/www.mouthiers-sur-boeme.fr\/?p=2982","title":{"rendered":"Week-end de la pentec\u00f4te   7\u00e8me Mouthiers en f\u00eate"},"content":{"rendered":"<p style=\"text-align: center;\"><a href=\"https:\/\/www.mouthiers-sur-boeme.fr\/wp-content\/uploads\/2015\/04\/affiche-mouthiers-fete-2015.png\"><img loading=\"lazy\" class=\"alignnone size-medium wp-image-2983\" src=\"https:\/\/www.mouthiers-sur-boeme.fr\/wp-content\/uploads\/2015\/04\/affiche-mouthiers-fete-2015-212x300.png\" alt=\"affiche-mouthiers-fete-2015\" width=\"212\" height=\"300\" srcset=\"https:\/\/www.mouthiers-sur-boeme.fr\/wp-content\/uploads\/2015\/04\/affiche-mouthiers-fete-2015-212x300.png 212w, https:\/\/www.mouthiers-sur-boeme.fr\/wp-content\/uploads\/2015\/04\/affiche-mouthiers-fete-2015-724x1024.png 724w\" sizes=\"(max-width: 212px) 100vw, 212px\" \/><\/a><\/p>\n<p style=\"text-align: center;\">Oui le printemps est l\u00e0, et la tradition aussi.<br \/>\nMouthiers va vivre 3 jours d&rsquo;animation autour de la frairie les 23, 24 et 25 mai 2015. Plus de d\u00e9tails&#8230;<!--more--><\/p>\n<p style=\"text-align: center;\">1<\/p>\n<p style=\"text-align: center;\">Samedi apr\u00e8s-midi organis\u00e9 par la MJC<br \/>\n<strong>\u00ab\u00a0Faites du sport\u00a0\u00bb<\/strong><br \/>\n\u00e0 la salle omnisports.<\/p>\n<p style=\"text-align: center;\">2<\/p>\n<p style=\"text-align: center;\">Dimanche matin organis\u00e9 par le SCM<br \/>\n<strong>Grand Bric \u00e0 Brac<\/strong><br \/>\nplace du champ de foire<br \/>\nDimanche soir<br \/>\n<strong>repas festif<\/strong> suivi d&rsquo;un <strong>feu d&rsquo;artifice<\/strong> organis\u00e9 par la mairie<\/p>\n<p style=\"text-align: center;\"><span style=\"text-decoration: underline;\"><span style=\"color: #ff0000; text-decoration: underline;\"> R\u00e9servation repas comit\u00e9 des f\u00eates au 06 13 50 30 69<\/span><\/span><\/p>\n<p style=\"text-align: center;\">3<\/p>\n<p style=\"text-align: center;\">Le lundi matin <strong>p\u00eache aux tourbi\u00e8res<\/strong>.<br \/>\nLundi apr\u00e8s-midi, la journ\u00e9e se terminera par des <strong>animations<\/strong><br \/>\nplace du champ de foire<br \/>\n<strong>&#8211; jeux anciens<\/strong><br \/>\n<strong>&#8211; d\u00e9monstration de danse country<\/strong><br \/>\n<strong>&#8211; d\u00e9fil\u00e9 de v\u00e9hicules fleuris<\/strong><\/p>\n<p><span style=\"color: #333333;\">Programme plus d\u00e9taill\u00e9 dans le bulletin municipal de mai.<br \/>\n<\/span><\/p>\n<p class=\"wp-more-tag mce-wp-more\" title=\"Lire la suite...\" data-wp-more=\"more\" data-mce-placeholder=\"1\">\n","protected":false},"excerpt":{"rendered":"<p>Oui le printemps est l\u00e0, et la tradition aussi. Mouthiers va vivre 3 jours d&rsquo;animation autour de la frairie les 23, 24 et 25 mai 2015. Plus de d\u00e9tails&#8230;<\/p>\n","protected":false},"author":22,"featured_media":0,"comment_status":"open","ping_status":"open","sticky":false,"template":"","format":"standard","meta":[],"categories":[12],"tags":[53,44,52],"_links":{"self":[{"href":"https:\/\/www.mouthiers-sur-boeme.fr\/index.php?rest_route=\/wp\/v2\/posts\/2982"}],"collection":[{"href":"https:\/\/www.mouthiers-sur-boeme.fr\/index.php?rest_route=\/wp\/v2\/posts"}],"about":[{"href":"https:\/\/www.mouthiers-sur-boeme.fr\/index.php?rest_route=\/wp\/v2\/types\/post"}],"author":[{"embeddable":true,"href":"https:\/\/www.mouthiers-sur-boeme.fr\/index.php?rest_route=\/wp\/v2\/users\/22"}],"replies":[{"embeddable":true,"href":"https:\/\/www.mouthiers-sur-boeme.fr\/index.php?rest_route=%2Fwp%2Fv2%2Fcomments&post=2982"}],"version-history":[{"count":8,"href":"https:\/\/www.mouthiers-sur-boeme.fr\/index.php?rest_route=\/wp\/v2\/posts\/2982\/revisions"}],"predecessor-version":[{"id":3069,"href":"https:\/\/www.mouthiers-sur-boeme.fr\/index.php?rest_route=\/wp\/v2\/posts\/2982\/revisions\/3069"}],"wp:attachment":[{"href":"https:\/\/www.mouthiers-sur-boeme.fr\/index.php?rest_route=%2Fwp%2Fv2%2Fmedia&parent=2982"}],"wp:term":[{"taxonomy":"category","embeddable":true,"href":"https:\/\/www.mouthiers-sur-boeme.fr\/index.php?rest_route=%2Fwp%2Fv2%2Fcategories&post=2982"},{"taxonomy":"post_tag","embeddable":true,"href":"https:\/\/www.mouthiers-sur-boeme.fr\/index.php?rest_route=%2Fwp%2Fv2%2Ftags&post=2982"}],"curies":[{"name":"wp","href":"https:\/\/api.w.org\/{rel}","templated":true}]}}