{"id":2986,"date":"2015-05-19T07:09:19","date_gmt":"2015-05-19T06:09:19","guid":{"rendered":"https:\/\/www.mouthiers-sur-boeme.fr\/?p=2986"},"modified":"2015-05-23T18:17:31","modified_gmt":"2015-05-23T17:17:31","slug":"mouthiers-sur-boeme-7eme-trail-de-la-boeme","status":"publish","type":"post","link":"https:\/\/www.mouthiers-sur-boeme.fr\/?p=2986","title":{"rendered":"Mouthiers-sur-Bo\u00ebme : 7\u00e8me Trail de la Bo\u00ebme"},"content":{"rendered":"<p><strong>Samedi 13 juin 2015 : \u00e0 17 heures d\u00e9part du 7\u00e8me Trail de la Bo\u00ebme. Stade municipal<\/strong><\/p>\n<p>&nbsp;<\/p>\n<p><a href=\"https:\/\/www.mouthiers-sur-boeme.fr\/wp-content\/uploads\/2015\/04\/programme-trail2.jpg\"><img loading=\"lazy\" class=\"aligncenter wp-image-2988 size-medium\" src=\"https:\/\/www.mouthiers-sur-boeme.fr\/wp-content\/uploads\/2015\/04\/programme-trail2-215x300.jpg\" alt=\"programme trail2\" width=\"215\" height=\"300\" srcset=\"https:\/\/www.mouthiers-sur-boeme.fr\/wp-content\/uploads\/2015\/04\/programme-trail2-215x300.jpg 215w, https:\/\/www.mouthiers-sur-boeme.fr\/wp-content\/uploads\/2015\/04\/programme-trail2-735x1024.jpg 735w, https:\/\/www.mouthiers-sur-boeme.fr\/wp-content\/uploads\/2015\/04\/programme-trail2.jpg 896w\" sizes=\"(max-width: 215px) 100vw, 215px\" \/><\/a><\/p>\n<p>Parcours sur 10 km avec 1 ravitaillement \u00e0 partir de 16 ans\u00a0\u00a0\u00a0\u00a0\u00a0\u00a0\u00a0\u00a0\u00a0\u00a0\u00a0\u00a0\u00a0\u00a0\u00a0\u00a0\u00a0\u00a0\u00a0\u00a0\u00a0\u00a0 Parcours sur 16 km avec 2 ravitaillements \u00e0 partir de 18 ans\u00a0\u00a0\u00a0\u00a0\u00a0\u00a0\u00a0\u00a0\u00a0\u00a0\u00a0\u00a0\u00a0\u00a0\u00a0\u00a0\u00a0\u00a0\u00a0\u00a0\u00a0\u00a0\u00a0 Parcours sur 23 km avec 3 ravitaillements \u00e0 partir de 18 ans (classement par puce \u00e9lectronique &#8211; ouvert \u00e0 tous (licenci\u00e9s et non licenci\u00e9s)<\/p>\n<p>Randonn\u00e9e p\u00e9destre d\u00e9part 17 h 10 (apr\u00e8s le d\u00e9part des courses) Courses enfants gratuites d\u00e9part 19h30<\/p>\n<p>Pour tout renseignement compl\u00e9mentaire sur l&rsquo;organisation des \u00e9preuves voir bulletin d&rsquo;inscription, formulaire et d\u00e9pliant en annexe.INSCRIPTIONS : S\u00e9bastien Deguil\u00a0\u00a0\u00a0\u00a0\u00a0\u00a0\u00a0\u00a0\u00a0\u00a0\u00a0\u00a0\u00a0\u00a0\u00a0\u00a0\u00a0\u00a0\u00a0\u00a0\u00a0\u00a0\u00a0\u00a0\u00a0\u00a0\u00a0\u00a0\u00a0\u00a0\u00a0\u00a0\u00a0\u00a0\u00a0\u00a0\u00a0 RENSEIGNEMENTS : Christophe Moreau<\/p>\n<p><strong>Cette ann\u00e9e l&rsquo;horaire et le jour changent :\u00a0\u00a0\u00a0\u00a0\u00a0\u00a0\u00a0\u00a0\u00a0\u00a0\u00a0\u00a0\u00a0\u00a0\u00a0\u00a0\u00a0\u00a0\u00a0\u00a0\u00a0\u00a0\u00a0\u00a0\u00a0\u00a0\u00a0\u00a0\u00a0\u00a0\u00a0\u00a0\u00a0\u00a0\u00a0\u00a0\u00a0\u00a0\u00a0\u00a0\u00a0\u00a0\u00a0\u00a0\u00a0\u00a0\u00a0\u00a0\u00a0\u00a0\u00a0\u00a0\u00a0\u00a0\u00a0 17 heures\u00a0 le samedi 13 juin 2015.<\/strong><\/p>\n<p>&nbsp;<\/p>\n<p><!--more--><\/p>\n<p><a href=\"https:\/\/www.mouthiers-sur-boeme.fr\/wp-content\/uploads\/2015\/04\/programme-trail.jpg\"><img loading=\"lazy\" class=\"alignnone size-medium wp-image-2988\" src=\"https:\/\/www.mouthiers-sur-boeme.fr\/wp-content\/uploads\/2015\/04\/programme-trail2-215x300.jpg\" alt=\"programme trail2\" width=\"215\" height=\"300\" srcset=\"https:\/\/www.mouthiers-sur-boeme.fr\/wp-content\/uploads\/2015\/04\/programme-trail2-215x300.jpg 215w, https:\/\/www.mouthiers-sur-boeme.fr\/wp-content\/uploads\/2015\/04\/programme-trail2-735x1024.jpg 735w, https:\/\/www.mouthiers-sur-boeme.fr\/wp-content\/uploads\/2015\/04\/programme-trail2.jpg 896w\" sizes=\"(max-width: 215px) 100vw, 215px\" \/><img loading=\"lazy\" class=\"alignnone size-medium wp-image-2987\" src=\"https:\/\/www.mouthiers-sur-boeme.fr\/wp-content\/uploads\/2015\/04\/programme-trail-214x300.jpg\" alt=\"programme trail\" width=\"214\" height=\"300\" srcset=\"https:\/\/www.mouthiers-sur-boeme.fr\/wp-content\/uploads\/2015\/04\/programme-trail-214x300.jpg 214w, https:\/\/www.mouthiers-sur-boeme.fr\/wp-content\/uploads\/2015\/04\/programme-trail-731x1024.jpg 731w, https:\/\/www.mouthiers-sur-boeme.fr\/wp-content\/uploads\/2015\/04\/programme-trail.jpg 880w\" sizes=\"(max-width: 214px) 100vw, 214px\" \/><\/a><a href=\"https:\/\/www.mouthiers-sur-boeme.fr\/wp-content\/uploads\/2015\/04\/programme-trail3.jpg\"><img loading=\"lazy\" class=\"alignnone size-medium wp-image-2990\" src=\"https:\/\/www.mouthiers-sur-boeme.fr\/wp-content\/uploads\/2015\/04\/programme-trail3-215x300.jpg\" alt=\"programme trail3\" width=\"215\" height=\"300\" srcset=\"https:\/\/www.mouthiers-sur-boeme.fr\/wp-content\/uploads\/2015\/04\/programme-trail3-215x300.jpg 215w, https:\/\/www.mouthiers-sur-boeme.fr\/wp-content\/uploads\/2015\/04\/programme-trail3-735x1024.jpg 735w, https:\/\/www.mouthiers-sur-boeme.fr\/wp-content\/uploads\/2015\/04\/programme-trail3.jpg 896w\" sizes=\"(max-width: 215px) 100vw, 215px\" \/><\/a><\/p>\n","protected":false},"excerpt":{"rendered":"<p>Samedi 13 juin 2015 : \u00e0 17 heures d\u00e9part du 7\u00e8me Trail de la Bo\u00ebme. Stade municipal &nbsp; Parcours sur 10 km avec 1 ravitaillement \u00e0 partir de 16 ans\u00a0\u00a0\u00a0\u00a0\u00a0\u00a0\u00a0\u00a0\u00a0\u00a0\u00a0\u00a0\u00a0\u00a0\u00a0\u00a0\u00a0\u00a0\u00a0\u00a0\u00a0\u00a0 Parcours sur 16 km avec 2 ravitaillements \u00e0 partir de 18 ans\u00a0\u00a0\u00a0\u00a0\u00a0\u00a0\u00a0\u00a0\u00a0\u00a0\u00a0\u00a0\u00a0\u00a0\u00a0\u00a0\u00a0\u00a0\u00a0\u00a0\u00a0\u00a0\u00a0 Parcours sur 23 km avec 3 ravitaillements \u00e0 partir de 18 ans (classement &hellip; <a href=\"https:\/\/www.mouthiers-sur-boeme.fr\/?p=2986\" class=\"more-link\">Continuer la lecture de <span class=\"screen-reader-text\">Mouthiers-sur-Bo\u00ebme : 7\u00e8me Trail de la Bo\u00ebme<\/span>  <span class=\"meta-nav\">&rarr;<\/span><\/a><\/p>\n","protected":false},"author":22,"featured_media":0,"comment_status":"open","ping_status":"open","sticky":false,"template":"","format":"standard","meta":[],"categories":[12],"tags":[52,55],"_links":{"self":[{"href":"https:\/\/www.mouthiers-sur-boeme.fr\/index.php?rest_route=\/wp\/v2\/posts\/2986"}],"collection":[{"href":"https:\/\/www.mouthiers-sur-boeme.fr\/index.php?rest_route=\/wp\/v2\/posts"}],"about":[{"href":"https:\/\/www.mouthiers-sur-boeme.fr\/index.php?rest_route=\/wp\/v2\/types\/post"}],"author":[{"embeddable":true,"href":"https:\/\/www.mouthiers-sur-boeme.fr\/index.php?rest_route=\/wp\/v2\/users\/22"}],"replies":[{"embeddable":true,"href":"https:\/\/www.mouthiers-sur-boeme.fr\/index.php?rest_route=%2Fwp%2Fv2%2Fcomments&post=2986"}],"version-history":[{"count":1,"href":"https:\/\/www.mouthiers-sur-boeme.fr\/index.php?rest_route=\/wp\/v2\/posts\/2986\/revisions"}],"predecessor-version":[{"id":2991,"href":"https:\/\/www.mouthiers-sur-boeme.fr\/index.php?rest_route=\/wp\/v2\/posts\/2986\/revisions\/2991"}],"wp:attachment":[{"href":"https:\/\/www.mouthiers-sur-boeme.fr\/index.php?rest_route=%2Fwp%2Fv2%2Fmedia&parent=2986"}],"wp:term":[{"taxonomy":"category","embeddable":true,"href":"https:\/\/www.mouthiers-sur-boeme.fr\/index.php?rest_route=%2Fwp%2Fv2%2Fcategories&post=2986"},{"taxonomy":"post_tag","embeddable":true,"href":"https:\/\/www.mouthiers-sur-boeme.fr\/index.php?rest_route=%2Fwp%2Fv2%2Ftags&post=2986"}],"curies":[{"name":"wp","href":"https:\/\/api.w.org\/{rel}","templated":true}]}}