{"id":2997,"date":"2015-04-17T11:26:33","date_gmt":"2015-04-17T10:26:33","guid":{"rendered":"https:\/\/www.mouthiers-sur-boeme.fr\/?p=2997"},"modified":"2015-05-01T16:54:36","modified_gmt":"2015-05-01T15:54:36","slug":"rencontre-avec-les-papys-et-mamies-a-la-creche-les-ptits-loups","status":"publish","type":"post","link":"https:\/\/www.mouthiers-sur-boeme.fr\/?p=2997","title":{"rendered":"Rencontre avec les papys et mamies \u00e0 la cr\u00e8che Les P\u2019tits Loups"},"content":{"rendered":"<p><span style=\"font-family: Comic Sans MS,serif;\">Le mardi 14 avril au matin, a eu lieu une rencontre entre 8 mamies de l\u2019EHPAD accompagn\u00e9e de Lise, l\u2019animatrice, et 14 bambins de la cr\u00e8che ainsi que leur 3 assistantes maternelles.<\/span><\/p>\n<p><span style=\"font-family: Comic Sans MS,serif;\">A cette occasion, Lilou et Calista ont souffl\u00e9 leurs 2 bougies. <\/span><\/p>\n<p><span style=\"font-family: Comic Sans MS,serif;\">Tous les participants ont eu droit au traditionnel g\u00e2teau.<\/span><\/p>\n<p><span style=\"font-family: Comic Sans MS,serif;\">Ensuite, <span style=\"font-family: Comic Sans MS,serif;\">Anne-Marie Martignac la directrice et <\/span>C\u00e9cile l\u2019animatrice ont propos\u00e9 une activit\u00e9 de collage en rapport avec le th\u00e8me de l\u2019anniversaire.<\/span><!--more--><\/p>\n<p><span style=\"font-family: Comic Sans MS,serif;\">Pour son anniversaire, \u00ab\u00a0P\u2019tit Loup\u00a0\u00bb, qui vient d\u2019avoir 4 ans, un grand donc, a re\u00e7u 4 cadeaux de couleurs diff\u00e9rentes\u00a0: un bleu, un rouge, un vert et un jaune. Il fallait coller les images en respectant les couleurs et pour ce faire, les enfants se sont fait aider des mamies.<\/span><\/p>\n<p><span style=\"font-family: Comic Sans MS,serif;\">La matin\u00e9e s\u2019est termin\u00e9e en chansonnettes\u00a0: \u00ab\u00a0La souris verte\u00a0\u00bb, \u00ab\u00a0Promenons nous dans les bois\u00a0\u00bb,\u00a0\u00bbles marionnettes\u00a0\u00bb, chansons connues de toutes les g\u00e9n\u00e9rations\u00a0!<\/span><\/p>\n<p style=\"text-align: right;\"><em>A.MCoolen<\/em><\/p>\n","protected":false},"excerpt":{"rendered":"<p>Le mardi 14 avril au matin, a eu lieu une rencontre entre 8 mamies de l\u2019EHPAD accompagn\u00e9e de Lise, l\u2019animatrice, et 14 bambins de la cr\u00e8che ainsi que leur 3 assistantes maternelles. A cette occasion, Lilou et Calista ont souffl\u00e9 leurs 2 bougies. Tous les participants ont eu droit au traditionnel g\u00e2teau. Ensuite, Anne-Marie Martignac &hellip; <a href=\"https:\/\/www.mouthiers-sur-boeme.fr\/?p=2997\" class=\"more-link\">Continuer la lecture de <span class=\"screen-reader-text\">Rencontre avec les papys et mamies \u00e0 la cr\u00e8che Les P\u2019tits Loups<\/span>  <span class=\"meta-nav\">&rarr;<\/span><\/a><\/p>\n","protected":false},"author":22,"featured_media":2996,"comment_status":"open","ping_status":"open","sticky":false,"template":"","format":"aside","meta":[],"categories":[49,50,51],"tags":[57,59,58],"_links":{"self":[{"href":"https:\/\/www.mouthiers-sur-boeme.fr\/index.php?rest_route=\/wp\/v2\/posts\/2997"}],"collection":[{"href":"https:\/\/www.mouthiers-sur-boeme.fr\/index.php?rest_route=\/wp\/v2\/posts"}],"about":[{"href":"https:\/\/www.mouthiers-sur-boeme.fr\/index.php?rest_route=\/wp\/v2\/types\/post"}],"author":[{"embeddable":true,"href":"https:\/\/www.mouthiers-sur-boeme.fr\/index.php?rest_route=\/wp\/v2\/users\/22"}],"replies":[{"embeddable":true,"href":"https:\/\/www.mouthiers-sur-boeme.fr\/index.php?rest_route=%2Fwp%2Fv2%2Fcomments&post=2997"}],"version-history":[{"count":3,"href":"https:\/\/www.mouthiers-sur-boeme.fr\/index.php?rest_route=\/wp\/v2\/posts\/2997\/revisions"}],"predecessor-version":[{"id":3000,"href":"https:\/\/www.mouthiers-sur-boeme.fr\/index.php?rest_route=\/wp\/v2\/posts\/2997\/revisions\/3000"}],"wp:featuredmedia":[{"embeddable":true,"href":"https:\/\/www.mouthiers-sur-boeme.fr\/index.php?rest_route=\/wp\/v2\/media\/2996"}],"wp:attachment":[{"href":"https:\/\/www.mouthiers-sur-boeme.fr\/index.php?rest_route=%2Fwp%2Fv2%2Fmedia&parent=2997"}],"wp:term":[{"taxonomy":"category","embeddable":true,"href":"https:\/\/www.mouthiers-sur-boeme.fr\/index.php?rest_route=%2Fwp%2Fv2%2Fcategories&post=2997"},{"taxonomy":"post_tag","embeddable":true,"href":"https:\/\/www.mouthiers-sur-boeme.fr\/index.php?rest_route=%2Fwp%2Fv2%2Ftags&post=2997"}],"curies":[{"name":"wp","href":"https:\/\/api.w.org\/{rel}","templated":true}]}}