{"id":3002,"date":"2015-04-21T10:29:05","date_gmt":"2015-04-21T09:29:05","guid":{"rendered":"https:\/\/www.mouthiers-sur-boeme.fr\/?p=3002"},"modified":"2015-05-01T16:52:51","modified_gmt":"2015-05-01T15:52:51","slug":"un-1er-troc-aux-plantes-reussi","status":"publish","type":"post","link":"https:\/\/www.mouthiers-sur-boeme.fr\/?p=3002","title":{"rendered":"Un 1er troc aux plantes r\u00e9ussi"},"content":{"rendered":"<p style=\"text-align: justify;\"><a href=\"https:\/\/www.mouthiers-sur-boeme.fr\/wp-content\/uploads\/2015\/04\/Coquelicot1-e1429463597568.jpg\"><img loading=\"lazy\" class=\" size-medium wp-image-3006 aligncenter\" src=\"https:\/\/www.mouthiers-sur-boeme.fr\/wp-content\/uploads\/2015\/04\/Coquelicot1-300x225.jpg\" alt=\"Coquelicot(1)\" width=\"300\" height=\"225\" \/><\/a>Samedi 18 avril, les passionn\u00e9s de plantes, les promeneurs, les curieux et amateurs de fleurs se sont retrouv\u00e9s sur la matin\u00e9e pour troquer leurs boutures, graines et autres conseils.<\/p>\n<p style=\"text-align: justify;\">Certains sont arriv\u00e9s les bras charg\u00e9s de cagettes, de seaux, de pochettes (faites maisons) pour d\u00e9poser leurs plants et en rapporter chez eux. C&rsquo;\u00e9tait un vrai moment de partage tant v\u00e9g\u00e9tal qu&rsquo;humain. En effet, il se d\u00e9gageait une certaine convivialit\u00e9. Tout le monde a pris le temps de discuter, de boire un caf\u00e9 et aussi de croquer dans le brin d&rsquo;aillet.<!--more--><\/p>\n<p style=\"text-align: justify;\">Un animateur de Calitom \u00e9tait pr\u00e9sent pour parler du compostage et du broyage. \u00c0 ses c\u00f4t\u00e9s,\u00a0 l&rsquo;association \u00a0\u00bb les jardiniers charentais \u00ab\u00a0, a donn\u00e9 de pr\u00e9cieux conseils et des astuces sur le jardinage.<\/p>\n<p style=\"text-align: justify;\">On a eu aussi des invit\u00e9s de marques qui avaient par\u00e9 leurs plus belles plumes. En effet, un jeune lyc\u00e9en habitant Montboyer, passionn\u00e9 de gallinac\u00e9s,\u00a0 avait apport\u00e9 des poules peu communes. Il les avait install\u00e9es dans un petit parc en bois sur l&rsquo;herbe \u00e0 c\u00f4t\u00e9 du champ de foire. On a pu admirer des poules de P\u00e9kin ainsi que des barbues de Waternael (race belge). Ce jeune gar\u00e7on a un \u00e9levage d&rsquo;une quarantaine de b\u00eates. D&rsquo;ailleurs certains amateurs de plantes en ont\u00a0profit\u00e9 pour passer commande et agrandir leur poulailler.<\/p>\n<p style=\"text-align: justify;\">Ce premier troc aux plantes s&rsquo;est fini comme il avait commenc\u00e9, dans la bonne humeur. Au del\u00e0 de l\u2019int\u00e9r\u00eat pour les fleurs, il y a eu un partage chaleureux, simple et authentique. Les organisateurs pensent d\u00e9j\u00e0 au prochain car de nouvelles id\u00e9es ont \u00e9merg\u00e9 durant la matin\u00e9e.<\/p>\n<p>&nbsp;<\/p>\n","protected":false},"excerpt":{"rendered":"<p>Samedi 18 avril, les passionn\u00e9s de plantes, les promeneurs, les curieux et amateurs de fleurs se sont retrouv\u00e9s sur la matin\u00e9e pour troquer leurs boutures, graines et autres conseils. Certains sont arriv\u00e9s les bras charg\u00e9s de cagettes, de seaux, de pochettes (faites maisons) pour d\u00e9poser leurs plants et en rapporter chez eux. C&rsquo;\u00e9tait un vrai &hellip; <a href=\"https:\/\/www.mouthiers-sur-boeme.fr\/?p=3002\" class=\"more-link\">Continuer la lecture de <span class=\"screen-reader-text\">Un 1er troc aux plantes r\u00e9ussi<\/span>  <span class=\"meta-nav\">&rarr;<\/span><\/a><\/p>\n","protected":false},"author":22,"featured_media":0,"comment_status":"open","ping_status":"open","sticky":false,"template":"","format":"standard","meta":[],"categories":[4,12],"tags":[39,54],"_links":{"self":[{"href":"https:\/\/www.mouthiers-sur-boeme.fr\/index.php?rest_route=\/wp\/v2\/posts\/3002"}],"collection":[{"href":"https:\/\/www.mouthiers-sur-boeme.fr\/index.php?rest_route=\/wp\/v2\/posts"}],"about":[{"href":"https:\/\/www.mouthiers-sur-boeme.fr\/index.php?rest_route=\/wp\/v2\/types\/post"}],"author":[{"embeddable":true,"href":"https:\/\/www.mouthiers-sur-boeme.fr\/index.php?rest_route=\/wp\/v2\/users\/22"}],"replies":[{"embeddable":true,"href":"https:\/\/www.mouthiers-sur-boeme.fr\/index.php?rest_route=%2Fwp%2Fv2%2Fcomments&post=3002"}],"version-history":[{"count":11,"href":"https:\/\/www.mouthiers-sur-boeme.fr\/index.php?rest_route=\/wp\/v2\/posts\/3002\/revisions"}],"predecessor-version":[{"id":3017,"href":"https:\/\/www.mouthiers-sur-boeme.fr\/index.php?rest_route=\/wp\/v2\/posts\/3002\/revisions\/3017"}],"wp:attachment":[{"href":"https:\/\/www.mouthiers-sur-boeme.fr\/index.php?rest_route=%2Fwp%2Fv2%2Fmedia&parent=3002"}],"wp:term":[{"taxonomy":"category","embeddable":true,"href":"https:\/\/www.mouthiers-sur-boeme.fr\/index.php?rest_route=%2Fwp%2Fv2%2Fcategories&post=3002"},{"taxonomy":"post_tag","embeddable":true,"href":"https:\/\/www.mouthiers-sur-boeme.fr\/index.php?rest_route=%2Fwp%2Fv2%2Ftags&post=3002"}],"curies":[{"name":"wp","href":"https:\/\/api.w.org\/{rel}","templated":true}]}}