{"id":3070,"date":"2015-05-06T15:39:08","date_gmt":"2015-05-06T14:39:08","guid":{"rendered":"https:\/\/www.mouthiers-sur-boeme.fr\/?p=3070"},"modified":"2015-05-06T17:20:24","modified_gmt":"2015-05-06T16:20:24","slug":"le-cinema-reprend-du-service","status":"publish","type":"post","link":"https:\/\/www.mouthiers-sur-boeme.fr\/?p=3070","title":{"rendered":"Le cin\u00e9ma reprend du service !"},"content":{"rendered":"<p><a href=\"https:\/\/www.mouthiers-sur-boeme.fr\/wp-content\/uploads\/2014\/09\/Logo-MJC.jpg\">\u00a0\u00a0\u00a0\u00a0\u00a0\u00a0\u00a0\u00a0\u00a0\u00a0\u00a0\u00a0\u00a0 <img loading=\"lazy\" class=\"  wp-image-1822 alignleft\" src=\"https:\/\/www.mouthiers-sur-boeme.fr\/wp-content\/uploads\/2014\/09\/Logo-MJC.jpg\" alt=\"Logo MJC\" width=\"78\" height=\"166\" \/><\/a><a href=\"https:\/\/www.mouthiers-sur-boeme.fr\/wp-content\/uploads\/2015\/05\/Logo-Mouthiers-2.jpg\"><img loading=\"lazy\" class=\"  wp-image-3081 alignright\" src=\"https:\/\/www.mouthiers-sur-boeme.fr\/wp-content\/uploads\/2015\/05\/Logo-Mouthiers-2-178x300.jpg\" alt=\"Logo Mouthiers 2\" width=\"94\" height=\"158\" srcset=\"https:\/\/www.mouthiers-sur-boeme.fr\/wp-content\/uploads\/2015\/05\/Logo-Mouthiers-2-178x300.jpg 178w, https:\/\/www.mouthiers-sur-boeme.fr\/wp-content\/uploads\/2015\/05\/Logo-Mouthiers-2-607x1024.jpg 607w, https:\/\/www.mouthiers-sur-boeme.fr\/wp-content\/uploads\/2015\/05\/Logo-Mouthiers-2.jpg 1193w\" sizes=\"(max-width: 94px) 100vw, 94px\" \/><\/a><\/p>\n<p>&nbsp;<\/p>\n<p>&nbsp;<\/p>\n<p>&nbsp;<\/p>\n<p>La culture vit bien \u00e0 Mouthiers, mais&#8230; <strong>il<\/strong> nous manquait,<\/p>\n<p>alors le\u00a0 revoil\u00e0 !<\/p>\n<p style=\"text-align: center;\"><strong>Le cin\u00e9ma reprend du service \u00e0 la MJC !<\/strong><\/p>\n<p>Une fois par mois, nous aurons le bonheur de vous proposer une s\u00e9ance de cin\u00e9ma \u00e0 moindre co\u00fbt selon le souhait de la municipalit\u00e9.<\/p>\n<p><strong>Plein tarif : 4\u20ac\u00a0\u00a0\u00a0\u00a0\u00a0\u00a0\u00a0\u00a0\u00a0\u00a0\u00a0\u00a0\u00a0\u00a0 Tarif r\u00e9duit : 3\u20ac<\/strong><\/p>\n<p>Ce soir\u00a0 \u00ab\u00a0<a href=\"https:\/\/www.mouthiers-sur-boeme.fr\/wp-content\/uploads\/2015\/05\/Les-nouveaux-h\u00e9ros-BIS.pdf\">Les nouveaux h\u00e9ros <\/a>\u00a0\u00bb<\/p>\n<p style=\"text-align: justify;\">En partenariat avec la MJC,\u00a0 Mouthiers a renou\u00e9 les liens avec\u00a0 le <strong>CRCATB<\/strong> , association compos\u00e9e de b\u00e9n\u00e9voles et de deux employ\u00e9s qui \u0153uvrent pour le maintien et le d\u00e9veloppement du cin\u00e9ma dans les communes rurales.<\/p>\n<p>+ d&rsquo;infos\u00a0\u00a0\u00a0 <a title=\"CRCATB\" href=\"http:\/\/www.crcatb.fr\/seances-cinema-charente-crcatb\/\" target=\"_blank\">http:\/\/www.crcatb.fr\/seances-cinema-charente-crcatb\/<\/a><\/p>\n<p>&nbsp;<\/p>\n<p>&nbsp;<\/p>\n","protected":false},"excerpt":{"rendered":"<p>\u00a0\u00a0\u00a0\u00a0\u00a0\u00a0\u00a0\u00a0\u00a0\u00a0\u00a0\u00a0\u00a0 &nbsp; &nbsp; &nbsp; La culture vit bien \u00e0 Mouthiers, mais&#8230; il nous manquait, alors le\u00a0 revoil\u00e0 ! Le cin\u00e9ma reprend du service \u00e0 la MJC ! Une fois par mois, nous aurons le bonheur de vous proposer une s\u00e9ance de cin\u00e9ma \u00e0 moindre co\u00fbt selon le souhait de la municipalit\u00e9. Plein tarif : 4\u20ac\u00a0\u00a0\u00a0\u00a0\u00a0\u00a0\u00a0\u00a0\u00a0\u00a0\u00a0\u00a0\u00a0\u00a0 &hellip; <a href=\"https:\/\/www.mouthiers-sur-boeme.fr\/?p=3070\" class=\"more-link\">Continuer la lecture de <span class=\"screen-reader-text\">Le cin\u00e9ma reprend du service !<\/span>  <span class=\"meta-nav\">&rarr;<\/span><\/a><\/p>\n","protected":false},"author":22,"featured_media":0,"comment_status":"open","ping_status":"open","sticky":false,"template":"","format":"standard","meta":[],"categories":[65,10],"tags":[63,64],"_links":{"self":[{"href":"https:\/\/www.mouthiers-sur-boeme.fr\/index.php?rest_route=\/wp\/v2\/posts\/3070"}],"collection":[{"href":"https:\/\/www.mouthiers-sur-boeme.fr\/index.php?rest_route=\/wp\/v2\/posts"}],"about":[{"href":"https:\/\/www.mouthiers-sur-boeme.fr\/index.php?rest_route=\/wp\/v2\/types\/post"}],"author":[{"embeddable":true,"href":"https:\/\/www.mouthiers-sur-boeme.fr\/index.php?rest_route=\/wp\/v2\/users\/22"}],"replies":[{"embeddable":true,"href":"https:\/\/www.mouthiers-sur-boeme.fr\/index.php?rest_route=%2Fwp%2Fv2%2Fcomments&post=3070"}],"version-history":[{"count":8,"href":"https:\/\/www.mouthiers-sur-boeme.fr\/index.php?rest_route=\/wp\/v2\/posts\/3070\/revisions"}],"predecessor-version":[{"id":3083,"href":"https:\/\/www.mouthiers-sur-boeme.fr\/index.php?rest_route=\/wp\/v2\/posts\/3070\/revisions\/3083"}],"wp:attachment":[{"href":"https:\/\/www.mouthiers-sur-boeme.fr\/index.php?rest_route=%2Fwp%2Fv2%2Fmedia&parent=3070"}],"wp:term":[{"taxonomy":"category","embeddable":true,"href":"https:\/\/www.mouthiers-sur-boeme.fr\/index.php?rest_route=%2Fwp%2Fv2%2Fcategories&post=3070"},{"taxonomy":"post_tag","embeddable":true,"href":"https:\/\/www.mouthiers-sur-boeme.fr\/index.php?rest_route=%2Fwp%2Fv2%2Ftags&post=3070"}],"curies":[{"name":"wp","href":"https:\/\/api.w.org\/{rel}","templated":true}]}}