{"id":3094,"date":"2015-05-10T15:32:39","date_gmt":"2015-05-10T14:32:39","guid":{"rendered":"https:\/\/www.mouthiers-sur-boeme.fr\/?p=3094"},"modified":"2015-05-11T22:38:54","modified_gmt":"2015-05-11T21:38:54","slug":"vernissage-mercredi-13-mai-a-18-heures-mediatheque","status":"publish","type":"post","link":"https:\/\/www.mouthiers-sur-boeme.fr\/?p=3094","title":{"rendered":"Vernissage Mercredi 13 mai \u00e0 18 heures &#8211; M\u00e9diath\u00e8que"},"content":{"rendered":"<figure id=\"attachment_3096\" aria-describedby=\"caption-attachment-3096\" style=\"width: 300px\" class=\"wp-caption aligncenter\"><a href=\"https:\/\/www.mouthiers-sur-boeme.fr\/wp-content\/uploads\/2015\/05\/roumanie-1.jpg\"><img loading=\"lazy\" class=\"wp-image-3096 size-medium\" src=\"https:\/\/www.mouthiers-sur-boeme.fr\/wp-content\/uploads\/2015\/05\/roumanie-1-300x200.jpg\" alt=\"Deux g\u00e9n\u00e9rations - Photo Alain Porte\" width=\"300\" height=\"200\" srcset=\"https:\/\/www.mouthiers-sur-boeme.fr\/wp-content\/uploads\/2015\/05\/roumanie-1-300x200.jpg 300w, https:\/\/www.mouthiers-sur-boeme.fr\/wp-content\/uploads\/2015\/05\/roumanie-1.jpg 448w\" sizes=\"(max-width: 300px) 100vw, 300px\" \/><\/a><figcaption id=\"caption-attachment-3096\" class=\"wp-caption-text\">Deux g\u00e9n\u00e9rations &#8211; Photo Alain Porte<\/figcaption><\/figure>\n<p>Exposition photographique &#8211; ROUMANIE- Photographies de Alain Porte.<\/p>\n<p>Rendez-vous \u00e0 la m\u00e9diath\u00e8que de Mouthiers-sur-Bo\u00ebme :<\/p>\n<p style=\"text-align: center;\"><strong>mercredi 13 mai \u00e0 18 heures\u00a0\u00a0\u00a0\u00a0\u00a0\u00a0\u00a0\u00a0\u00a0\u00a0\u00a0\u00a0\u00a0\u00a0\u00a0\u00a0\u00a0\u00a0\u00a0\u00a0\u00a0\u00a0\u00a0\u00a0\u00a0\u00a0\u00a0\u00a0\u00a0\u00a0\u00a0\u00a0\u00a0\u00a0\u00a0\u00a0\u00a0\u00a0\u00a0\u00a0\u00a0\u00a0\u00a0\u00a0\u00a0\u00a0\u00a0\u00a0\u00a0\u00a0\u00a0\u00a0\u00a0\u00a0\u00a0\u00a0\u00a0\u00a0\u00a0\u00a0\u00a0\u00a0\u00a0\u00a0\u00a0\u00a0\u00a0\u00a0\u00a0\u00a0\u00a0\u00a0\u00a0\u00a0\u00a0\u00a0\u00a0\u00a0\u00a0\u00a0\u00a0\u00a0\u00a0\u00a0\u00a0\u00a0 pour un voyage en images en Roumanie.<\/strong><\/p>\n<p>Exposition du mercredi 13 mai au samedi 30 mai inclus.<\/p>\n<figure id=\"attachment_3097\" aria-describedby=\"caption-attachment-3097\" style=\"width: 300px\" class=\"wp-caption aligncenter\"><a href=\"https:\/\/www.mouthiers-sur-boeme.fr\/wp-content\/uploads\/2015\/05\/roumanie3.jpg\"><img loading=\"lazy\" class=\"wp-image-3097 size-medium\" src=\"https:\/\/www.mouthiers-sur-boeme.fr\/wp-content\/uploads\/2015\/05\/roumanie3-300x200.jpg\" alt=\"L'\u00e9table - Photo Alain Porte\" width=\"300\" height=\"200\" srcset=\"https:\/\/www.mouthiers-sur-boeme.fr\/wp-content\/uploads\/2015\/05\/roumanie3-300x200.jpg 300w, https:\/\/www.mouthiers-sur-boeme.fr\/wp-content\/uploads\/2015\/05\/roumanie3.jpg 448w\" sizes=\"(max-width: 300px) 100vw, 300px\" \/><\/a><figcaption id=\"caption-attachment-3097\" class=\"wp-caption-text\">L&rsquo;\u00e9table &#8211; Photo Alain Porte<\/figcaption><\/figure>\n<p>&nbsp;<\/p>\n","protected":false},"excerpt":{"rendered":"<p>Exposition photographique &#8211; ROUMANIE- Photographies de Alain Porte. Rendez-vous \u00e0 la m\u00e9diath\u00e8que de Mouthiers-sur-Bo\u00ebme : mercredi 13 mai \u00e0 18 heures\u00a0\u00a0\u00a0\u00a0\u00a0\u00a0\u00a0\u00a0\u00a0\u00a0\u00a0\u00a0\u00a0\u00a0\u00a0\u00a0\u00a0\u00a0\u00a0\u00a0\u00a0\u00a0\u00a0\u00a0\u00a0\u00a0\u00a0\u00a0\u00a0\u00a0\u00a0\u00a0\u00a0\u00a0\u00a0\u00a0\u00a0\u00a0\u00a0\u00a0\u00a0\u00a0\u00a0\u00a0\u00a0\u00a0\u00a0\u00a0\u00a0\u00a0\u00a0\u00a0\u00a0\u00a0\u00a0\u00a0\u00a0\u00a0\u00a0\u00a0\u00a0\u00a0\u00a0\u00a0\u00a0\u00a0\u00a0\u00a0\u00a0\u00a0\u00a0\u00a0\u00a0\u00a0\u00a0\u00a0\u00a0\u00a0\u00a0\u00a0\u00a0\u00a0\u00a0\u00a0\u00a0\u00a0 pour un voyage en images en Roumanie. Exposition du mercredi 13 mai au samedi 30 mai inclus. &nbsp;<\/p>\n","protected":false},"author":22,"featured_media":0,"comment_status":"open","ping_status":"open","sticky":false,"template":"","format":"standard","meta":[],"categories":[20],"tags":[],"_links":{"self":[{"href":"https:\/\/www.mouthiers-sur-boeme.fr\/index.php?rest_route=\/wp\/v2\/posts\/3094"}],"collection":[{"href":"https:\/\/www.mouthiers-sur-boeme.fr\/index.php?rest_route=\/wp\/v2\/posts"}],"about":[{"href":"https:\/\/www.mouthiers-sur-boeme.fr\/index.php?rest_route=\/wp\/v2\/types\/post"}],"author":[{"embeddable":true,"href":"https:\/\/www.mouthiers-sur-boeme.fr\/index.php?rest_route=\/wp\/v2\/users\/22"}],"replies":[{"embeddable":true,"href":"https:\/\/www.mouthiers-sur-boeme.fr\/index.php?rest_route=%2Fwp%2Fv2%2Fcomments&post=3094"}],"version-history":[{"count":3,"href":"https:\/\/www.mouthiers-sur-boeme.fr\/index.php?rest_route=\/wp\/v2\/posts\/3094\/revisions"}],"predecessor-version":[{"id":3106,"href":"https:\/\/www.mouthiers-sur-boeme.fr\/index.php?rest_route=\/wp\/v2\/posts\/3094\/revisions\/3106"}],"wp:attachment":[{"href":"https:\/\/www.mouthiers-sur-boeme.fr\/index.php?rest_route=%2Fwp%2Fv2%2Fmedia&parent=3094"}],"wp:term":[{"taxonomy":"category","embeddable":true,"href":"https:\/\/www.mouthiers-sur-boeme.fr\/index.php?rest_route=%2Fwp%2Fv2%2Fcategories&post=3094"},{"taxonomy":"post_tag","embeddable":true,"href":"https:\/\/www.mouthiers-sur-boeme.fr\/index.php?rest_route=%2Fwp%2Fv2%2Ftags&post=3094"}],"curies":[{"name":"wp","href":"https:\/\/api.w.org\/{rel}","templated":true}]}}